{"id":995,"date":"2019-12-31T15:00:02","date_gmt":"2019-12-31T20:00:02","guid":{"rendered":"http:\/\/nuevofontibon.com\/?p=995"},"modified":"2019-12-31T15:33:23","modified_gmt":"2019-12-31T20:33:23","slug":"asi-quedo-la-jal-de-fontibon-despues-del-preconteo-final","status":"publish","type":"post","link":"https:\/\/nuevofontibon.com\/?p=995","title":{"rendered":"As\u00ed qued\u00f3 la JAL de Fontib\u00f3n desp\u00faes del escrutinio final"},"content":{"rendered":"\n<p>Terminado el escrutinio final de las elecciones realizadas el pasado <strong>27 de octubre<\/strong> para elegir autoridades locales en todo el pa\u00eds; desde <a href=\"http:\/\/www.nuevofontib\u00f3n.com\">www.nuevofontib\u00f3n.com<\/a> hicimos un an\u00e1lisis de los resultados que dej\u00f3 la jornada en las urnas instaladas en los diferentes puestos de votaci\u00f3n de Fontib\u00f3n. As\u00ed qued\u00f3 el resultado final:<\/p>\n\n\n\n<figure class=\"wp-block-image size-large\"><img loading=\"lazy\" decoding=\"async\" width=\"1024\" height=\"792\" src=\"http:\/\/nuevofontibon.com\/wp-content\/uploads\/2019\/12\/jal-FONTIBON-2020-1024x792.png\" alt=\"\" class=\"wp-image-996\" srcset=\"https:\/\/nuevofontibon.com\/wp-content\/uploads\/2019\/12\/jal-FONTIBON-2020-1024x792.png 1024w, https:\/\/nuevofontibon.com\/wp-content\/uploads\/2019\/12\/jal-FONTIBON-2020.png 1690w\" sizes=\"auto, (max-width: 1024px) 100vw, 1024px\" \/><\/figure>\n\n\n\n<p>Estos\nresultados electorales locales pueden tener varias lecturas desde luego: muchos\ncandidatos, grandes sorpresas, unos que no alcanzaron, otros que ratificaron su\npotencial pol\u00edtico. Lo cierto de todo, es que ah\u00ed est\u00e1n y <strong>ellos ser\u00e1n quienes representen<\/strong> a las <strong>comunidades<\/strong> de Fontib\u00f3n en los pr\u00f3ximos cuatro a\u00f1os.<\/p>\n\n\n\n<p>Para\neste ejercicio se tom\u00f3 en cuenta la votaci\u00f3n de los ediles actuales, los\naspirantes nuevos y sus f\u00f3rmulas al Concejo de Bogot\u00e1. Esto con el fin de\ncontribuir a todos los an\u00e1lisis que hace cada lector de manera personal.<\/p>\n\n\n\n<p>Queremos\ndejar algunos datos que valen la pena ser&nbsp;\ntenidos en cuenta para el caso de Fontib\u00f3n :<\/p>\n\n\n\n<ul class=\"wp-block-list\"><li>El partido Alianza Verde fue el m\u00e1s\nvotado para el Edil (30.506), ratificando lo sucedido para elecciones de C\u00e1mara\ny Senado.<\/li><li>El partido Colombia Justa Libres, cay\u00f3 en\nFontib\u00f3n de 17.000 votos para Senado y C\u00e1mara a escasos 5.615 para edil.<\/li><li>Eduardo G\u00f3mez, Liberal sigue muy fuerte\nelectoralmente<\/li><li>La ex edil Fanny Guti\u00e9rrez, perdi\u00f3 su\ncurul por los verdes al Concejo de Bogot\u00e1, en Fontib\u00f3n (1.224 votos). Sus dos candidatos\na ediles sumaron 4621 votos y no le endosaron lo necesario para que ella\nllegara al cabildo distrital. <\/li><li>Julio Ram\u00f3n Acosta, perdi\u00f3 su curul por\n24 votos, los cuales Heidy Liliana Bernal, logr\u00f3 en el barrio Puerta de Teja,\nfort\u00edn del ex edil Acosta. A prop\u00f3sito de Bernal, y sus 24 votos, fueron los\nque hoy tienen con vida pol\u00edtica al exconcejal Hosman, de lo contrario, hubiera\ndesaparecido del radar pol\u00edtico. <\/li><li>Por voto finish, se decidi\u00f3 la tercera\ncurul en el Partido Verde, entre Sebasti\u00e1n Ubaque, quien sali\u00f3 edil del\npreconteo, pero la exalcaldesa, Andrea Castro Latorre, encontr\u00f3 m\u00e1s votos en\nCorferias y se gan\u00f3 el esca\u00f1o. Fueron 14 votos de infarto.<\/li><li>110 votos le sac\u00f3 Edwin Marulanda a\nHeidy Calder\u00f3n por la Coalici\u00f3n de Colombia Humana.<\/li><li>&nbsp;A\nGerardo Montero del Polo, muchos lo daban por quemado, pero en octubre aument\u00f3\nsu votaci\u00f3n y se consolid\u00f3 por su constante trabajo y carisma. En ese partido\nparece no tiene rival.<\/li><li>El Partido Mira y Conservador, pese a su\nuni\u00f3n, no alcanzaron a lograr una curul.<\/li><li>El Partido de la U, no alcanz\u00f3 el umbral\ny se qued\u00f3 sin edil.<\/li><li>Para finalizar, publicamos los\nresultados de candidatos a ediles de Fontib\u00f3n y sus f\u00f3rmulas al Concejo de\nBogot\u00e1.<\/li><\/ul>\n\n\n\n<p>Saquen ustedes sus propias conclusiones.<\/p>\n\n\n\n<figure class=\"wp-block-image size-large\"><img loading=\"lazy\" decoding=\"async\" width=\"960\" height=\"1024\" src=\"http:\/\/nuevofontibon.com\/wp-content\/uploads\/2019\/12\/CUADRO-COMPARATIVO-FINAL-960x1024.png\" alt=\"\" class=\"wp-image-997\"\/><\/figure>\n","protected":false},"excerpt":{"rendered":"<p>Terminado el escrutinio final de las elecciones realizadas el pasado 27 de octubre para elegir autoridades locales en todo el pa\u00eds; desde www.nuevofontib\u00f3n.com hicimos un an\u00e1lisis de los resultados que dej\u00f3 la jornada en las urnas instaladas en los diferentes puestos de votaci\u00f3n de Fontib\u00f3n. As\u00ed qued\u00f3 el resultado final: Estos resultados electorales locales pueden [&hellip;]<\/p>\n","protected":false},"author":1,"featured_media":996,"comment_status":"closed","ping_status":"closed","sticky":false,"template":"","format":"standard","meta":{"footnotes":""},"categories":[5],"tags":[],"class_list":["post-995","post","type-post","status-publish","format-standard","has-post-thumbnail","hentry","category-localidad"],"_links":{"self":[{"href":"https:\/\/nuevofontibon.com\/index.php?rest_route=\/wp\/v2\/posts\/995","targetHints":{"allow":["GET"]}}],"collection":[{"href":"https:\/\/nuevofontibon.com\/index.php?rest_route=\/wp\/v2\/posts"}],"about":[{"href":"https:\/\/nuevofontibon.com\/index.php?rest_route=\/wp\/v2\/types\/post"}],"author":[{"embeddable":true,"href":"https:\/\/nuevofontibon.com\/index.php?rest_route=\/wp\/v2\/users\/1"}],"replies":[{"embeddable":true,"href":"https:\/\/nuevofontibon.com\/index.php?rest_route=%2Fwp%2Fv2%2Fcomments&post=995"}],"version-history":[{"count":0,"href":"https:\/\/nuevofontibon.com\/index.php?rest_route=\/wp\/v2\/posts\/995\/revisions"}],"wp:featuredmedia":[{"embeddable":true,"href":"https:\/\/nuevofontibon.com\/index.php?rest_route=\/wp\/v2\/media\/996"}],"wp:attachment":[{"href":"https:\/\/nuevofontibon.com\/index.php?rest_route=%2Fwp%2Fv2%2Fmedia&parent=995"}],"wp:term":[{"taxonomy":"category","embeddable":true,"href":"https:\/\/nuevofontibon.com\/index.php?rest_route=%2Fwp%2Fv2%2Fcategories&post=995"},{"taxonomy":"post_tag","embeddable":true,"href":"https:\/\/nuevofontibon.com\/index.php?rest_route=%2Fwp%2Fv2%2Ftags&post=995"}],"curies":[{"name":"wp","href":"https:\/\/api.w.org\/{rel}","templated":true}]}}