{"id":550,"date":"2019-02-04T05:57:47","date_gmt":"2019-02-04T10:57:47","guid":{"rendered":"http:\/\/nuevofontibon.com\/?p=550"},"modified":"2019-02-04T06:06:08","modified_gmt":"2019-02-04T11:06:08","slug":"550","status":"publish","type":"post","link":"https:\/\/nuevofontibon.com\/?p=550","title":{"rendered":"Primeros nombres de aspirantes a la JAL de Fontib\u00f3n"},"content":{"rendered":"<p>Comienza el a\u00f1o y tal como estaba previsto, se empieza a agitar al ca\u00f1averal pol\u00edtico en todas partes. Para el caso de Fontib\u00f3n, las cosas est\u00e1n como para alquilar balc\u00f3n. Aqu\u00ed les vamos a contar\u2026<\/p>\n<p style=\"text-align: center;\">*.*.*<\/p>\n<p>Por un lado, y para el caso de la Junta Administradora Local, se ha sabido que los actuales ediles, quieren volver a repetir, incluyendo a la edil<strong> Fanny Melina Guti\u00e9rrez<\/strong>, qui\u00e9n ven\u00eda cacaraqueando que se iba para el Concejo de Bogot\u00e1\u2026<\/p>\n<p style=\"text-align: center;\">*.*.*<\/p>\n<p>Tambi\u00e9n se comenta, que el edil liberal <strong>Eduardo G\u00f3mez<\/strong>, est\u00e1 pensando replantear su aspiraci\u00f3n, debido a quebrantos de salud, que se le han presentado recientemente. Se supo, que estar\u00eda entregando sus banderas al ex edil del Partido de la U, <strong>William Quintero<\/strong>.<\/p>\n<p style=\"text-align: center;\">*.*.*<\/p>\n<p>Hablando del Partido de la U, esta lista estar\u00eda jalonada por el recientemente posesionado, <strong>Daniel Ibarg\u00fcen Mosquera<\/strong>, quien reemplaz\u00f3 a <strong>Omar \u00c1ngulo<\/strong>, destituido en segunda instancia por la Personer\u00eda de Bogot\u00e1\u2026<\/p>\n<p style=\"text-align: center;\">*.*.*<\/p>\n<figure id=\"attachment_538\" aria-describedby=\"caption-attachment-538\" style=\"width: 300px\" class=\"wp-caption alignleft\"><img loading=\"lazy\" decoding=\"async\" class=\"size-medium wp-image-538\" src=\"http:\/\/nuevofontibon.com\/wp-content\/uploads\/2019\/01\/omar2-300x233.jpg\" alt=\"\" width=\"300\" height=\"233\" \/><figcaption id=\"caption-attachment-538\" class=\"wp-caption-text\">El sancionado edil, Omar \u00c1ngulo, impulsar\u00e1 a su hijo del mismo nombre, ahora en el Partido Verde<\/figcaption><\/figure>\n<p>A prop\u00f3sito de \u00c1ngulo, quien estaba desaparecido del panorama pol\u00edtico local, public\u00f3 en redes sociales, el apoyo a su hijo, del mismo nombre, pero ahora ser\u00e1 del Partido Verde. A juntos se les vio, repartiendo regalos en diciembre, por el barrio Santa Cecilia, Su fort\u00edn pol\u00edtico.<\/p>\n<p style=\"text-align: center;\">*.*.*<\/p>\n<figure id=\"attachment_551\" aria-describedby=\"caption-attachment-551\" style=\"width: 213px\" class=\"wp-caption alignright\"><img loading=\"lazy\" decoding=\"async\" class=\"wp-image-551 size-medium\" src=\"http:\/\/nuevofontibon.com\/wp-content\/uploads\/2019\/02\/heidy2-213x300.png\" alt=\"\" width=\"213\" height=\"300\" \/><figcaption id=\"caption-attachment-551\" class=\"wp-caption-text\">HEIDY LILIANA BERNAL, ser\u00e1 la candidata a la JAL de Fontib\u00f3n del Concejal Hosman Mart\u00ednez<\/figcaption><\/figure>\n<p>A esta lista verde, se dice que llegan tambi\u00e9n los ex contratistas de la Alcald\u00eda de Fontib\u00f3n, <strong>Diego Maldonado<\/strong> y <strong>Heidy Liliana Bernal<\/strong>. Igualmente, <strong>Isabel Arias Mora<\/strong>, <strong>Carlos Bonilla<\/strong> \u2013ex edil- y <strong>Norberto Herre\u00f1o Jr<\/strong>, \u00e9ste \u00faltimo y su padre, estuvieron buscando cupo en Cambio Radical.<\/p>\n<p style=\"text-align: center;\">*.*.*<\/p>\n<p>A prop\u00f3sito de Cambio Radical, se supo que andan buscando buenos perfiles de candidatos. Hasta ahora, la lista s\u00f3lo tiene a los ediles, a los ex candidatos <strong>Deisy Silva<\/strong>, hija de \u201cTo\u00f1o Silva y posiblemente a <strong>David Angrino<\/strong>, quien ha estado muy silencioso\u2026<\/p>\n<p style=\"text-align: center;\">*.*.*<\/p>\n<p>Por el Centro Democr\u00e1tico, las cosas est\u00e1n igual, salvo un par de nombres que se muestran en redes como aspirantes, pero que al parecer no tienen ninguna incidencia local.<\/p>\n<p style=\"text-align: center;\">*.*.*<\/p>\n<p>Colombia Justa Libres, se ha venido reuniendo desde el a\u00f1o pasado, buscando conformar su lista, pero hasta ahora, no se conocen nombres.<\/p>\n<p style=\"text-align: center;\">*.*.*<\/p>\n<p>El POLO, seguir\u00e1 encabezado por el edil <strong>Gerardo Montero<\/strong> y como desde hace a\u00f1os, <strong>Felipe Jim\u00e9nez<\/strong>, le har\u00e1 la segunda. Tampoco se ven m\u00e1s nombres relevantes en ese partido.<\/p>\n<p style=\"text-align: center;\">*.*.*<\/p>\n<p>Los seguidores de Petro, seguramente, apoyar\u00e1n y pondr\u00e1n a encabezar lista al ex edil <strong>Carlos Lozada<\/strong>, fiel a los principios de ese movimiento.<\/p>\n<p style=\"text-align: center;\">*.*.*<\/p>\n<p>Les seguiremos contando peri\u00f3dicamente esta movida pol\u00edtica local\u2026<\/p>\n<p>&nbsp;<\/p>\n","protected":false},"excerpt":{"rendered":"<p>Comienza el a\u00f1o y tal como estaba previsto, se empieza a agitar al ca\u00f1averal pol\u00edtico en todas partes. Para el caso de Fontib\u00f3n, las cosas est\u00e1n como para alquilar balc\u00f3n. Aqu\u00ed les vamos a contar\u2026 *.*.* Por un lado, y para el caso de la Junta Administradora Local, se ha sabido que los actuales ediles, [&hellip;]<\/p>\n","protected":false},"author":1,"featured_media":275,"comment_status":"open","ping_status":"closed","sticky":false,"template":"","format":"standard","meta":{"footnotes":""},"categories":[6],"tags":[],"class_list":["post-550","post","type-post","status-publish","format-standard","has-post-thumbnail","hentry","category-opinion"],"_links":{"self":[{"href":"https:\/\/nuevofontibon.com\/index.php?rest_route=\/wp\/v2\/posts\/550","targetHints":{"allow":["GET"]}}],"collection":[{"href":"https:\/\/nuevofontibon.com\/index.php?rest_route=\/wp\/v2\/posts"}],"about":[{"href":"https:\/\/nuevofontibon.com\/index.php?rest_route=\/wp\/v2\/types\/post"}],"author":[{"embeddable":true,"href":"https:\/\/nuevofontibon.com\/index.php?rest_route=\/wp\/v2\/users\/1"}],"replies":[{"embeddable":true,"href":"https:\/\/nuevofontibon.com\/index.php?rest_route=%2Fwp%2Fv2%2Fcomments&post=550"}],"version-history":[{"count":0,"href":"https:\/\/nuevofontibon.com\/index.php?rest_route=\/wp\/v2\/posts\/550\/revisions"}],"wp:featuredmedia":[{"embeddable":true,"href":"https:\/\/nuevofontibon.com\/index.php?rest_route=\/wp\/v2\/media\/275"}],"wp:attachment":[{"href":"https:\/\/nuevofontibon.com\/index.php?rest_route=%2Fwp%2Fv2%2Fmedia&parent=550"}],"wp:term":[{"taxonomy":"category","embeddable":true,"href":"https:\/\/nuevofontibon.com\/index.php?rest_route=%2Fwp%2Fv2%2Fcategories&post=550"},{"taxonomy":"post_tag","embeddable":true,"href":"https:\/\/nuevofontibon.com\/index.php?rest_route=%2Fwp%2Fv2%2Ftags&post=550"}],"curies":[{"name":"wp","href":"https:\/\/api.w.org\/{rel}","templated":true}]}}