{"id":3576,"date":"2025-12-14T14:04:16","date_gmt":"2025-12-14T19:04:16","guid":{"rendered":"https:\/\/nuevofontibon.com\/?p=3576"},"modified":"2025-12-14T14:18:10","modified_gmt":"2025-12-14T19:18:10","slug":"asi-va-la-movida-politica-en-fontibon","status":"publish","type":"post","link":"https:\/\/nuevofontibon.com\/?p=3576","title":{"rendered":"As\u00ed va la movida pol\u00edtica en Fontib\u00f3n"},"content":{"rendered":"<p data-start=\"164\" data-end=\"484\">De cara a las elecciones al Congreso de la Rep\u00fablica, que se realizar\u00e1n el pr\u00f3ximo 8 de marzo, los ediles de la localidad de Fontib\u00f3n han venido consolidando acuerdos y desarrollando diversas acciones pol\u00edticas con el objetivo de fortalecer sus estructuras y asegurar mejores resultados en las urnas junto a sus aliados.<\/p>\n<p data-start=\"486\" data-end=\"693\">Seg\u00fan informaci\u00f3n conocida por este medio, estos han sido algunos de los movimientos pol\u00edticos m\u00e1s recientes en la localidad, protagonizados por actuales ediles y exfuncionarios con aspiraciones al Congreso.<\/p>\n<p data-start=\"695\" data-end=\"1043\"><strong>Eduardo G\u00f3mez<\/strong>, edil del Partido Liberal, ha sostenido reuniones con su equipo de l\u00edderes y referentes de grupos de adulto mayor de Fontib\u00f3n. En estos encuentros se han compartido actividades recreativas, regalos y sorpresas. Asimismo, tiene previsto realizar en los pr\u00f3ximos d\u00edas un gran encuentro local en una reconocida discoteca de la localidad.<\/p>\n<p data-start=\"1045\" data-end=\"1172\">G\u00f3mez manifest\u00f3 su respaldo a la lista L10 a la C\u00e1mara de Representantes, apoyando la candidatura de <strong>\u00d3scar Hern\u00e1n S\u00e1nchez Le\u00f3n<\/strong>.<\/p>\n<p data-start=\"1174\" data-end=\"1513\">Por su parte, <strong>Andry Lozano<\/strong>, edilesa del Partido MIRA, adelant\u00f3 recorridos y reuniones en sectores como Modelia Imperial, el barrio La Laguna y Salitre. Lozano apoya a la C\u00e1mara la coalici\u00f3n MIRA, Dignidad y Compromiso con el n\u00famero 105, y al Senado respalda la lista n\u00famero 5, integrada por MIRA, Nuevo Liberalismo y Dignidad y Compromiso.<\/p>\n<p data-start=\"1515\" data-end=\"1767\"><img loading=\"lazy\" decoding=\"async\" class=\"aligncenter size-full wp-image-3579\" src=\"https:\/\/nuevofontibon.com\/wp-content\/uploads\/2025\/12\/Nilson-y-Olga-Lucia-1.jpg\" alt=\"\" width=\"1488\" height=\"932\" srcset=\"https:\/\/nuevofontibon.com\/wp-content\/uploads\/2025\/12\/Nilson-y-Olga-Lucia-1.jpg 1488w, https:\/\/nuevofontibon.com\/wp-content\/uploads\/2025\/12\/Nilson-y-Olga-Lucia-1-300x188.jpg 300w, https:\/\/nuevofontibon.com\/wp-content\/uploads\/2025\/12\/Nilson-y-Olga-Lucia-1-1024x641.jpg 1024w, https:\/\/nuevofontibon.com\/wp-content\/uploads\/2025\/12\/Nilson-y-Olga-Lucia-1-768x481.jpg 768w, https:\/\/nuevofontibon.com\/wp-content\/uploads\/2025\/12\/Nilson-y-Olga-Lucia-1-671x420.jpg 671w, https:\/\/nuevofontibon.com\/wp-content\/uploads\/2025\/12\/Nilson-y-Olga-Lucia-1-696x436.jpg 696w, https:\/\/nuevofontibon.com\/wp-content\/uploads\/2025\/12\/Nilson-y-Olga-Lucia-1-1068x669.jpg 1068w\" sizes=\"auto, (max-width: 1488px) 100vw, 1488px\" \/><\/p>\n<p data-start=\"1515\" data-end=\"1767\">De otro lado, el edil <strong>Nilson Guti\u00e9rrez<\/strong>, del Partido Verde, realiz\u00f3 un desayuno de trabajo con grupos de adultos mayores, acompa\u00f1ado de su f\u00f3rmula al Senado, Olga Luc\u00eda Vel\u00e1squez, con quienes socializ\u00f3 las principales propuestas de su proyecto pol\u00edtico.<\/p>\n<p data-start=\"1769\" data-end=\"1972\">A su vez, <strong>Nidia Castro<\/strong>, edilesa del Nuevo Liberalismo, anunci\u00f3 su respaldo a la lista n\u00famero 103 a la C\u00e1mara de Representantes, apoyando la candidatura de Luis Alexander Pe\u00f1a Cadena por esa colectividad.<\/p>\n<p data-start=\"1974\" data-end=\"2499\"><img loading=\"lazy\" decoding=\"async\" class=\"aligncenter size-full wp-image-3578\" src=\"https:\/\/nuevofontibon.com\/wp-content\/uploads\/2025\/12\/roger-carrillo.jpg\" alt=\"\" width=\"2048\" height=\"1493\" srcset=\"https:\/\/nuevofontibon.com\/wp-content\/uploads\/2025\/12\/roger-carrillo.jpg 2048w, https:\/\/nuevofontibon.com\/wp-content\/uploads\/2025\/12\/roger-carrillo-300x219.jpg 300w, https:\/\/nuevofontibon.com\/wp-content\/uploads\/2025\/12\/roger-carrillo-1024x747.jpg 1024w, https:\/\/nuevofontibon.com\/wp-content\/uploads\/2025\/12\/roger-carrillo-768x560.jpg 768w, https:\/\/nuevofontibon.com\/wp-content\/uploads\/2025\/12\/roger-carrillo-1536x1120.jpg 1536w, https:\/\/nuevofontibon.com\/wp-content\/uploads\/2025\/12\/roger-carrillo-576x420.jpg 576w, https:\/\/nuevofontibon.com\/wp-content\/uploads\/2025\/12\/roger-carrillo-696x507.jpg 696w, https:\/\/nuevofontibon.com\/wp-content\/uploads\/2025\/12\/roger-carrillo-1068x779.jpg 1068w, https:\/\/nuevofontibon.com\/wp-content\/uploads\/2025\/12\/roger-carrillo-1920x1400.jpg 1920w, https:\/\/nuevofontibon.com\/wp-content\/uploads\/2025\/12\/roger-carrillo-324x235.jpg 324w\" sizes=\"auto, (max-width: 2048px) 100vw, 2048px\" \/><\/p>\n<p data-start=\"1974\" data-end=\"2499\">De otro lado, el exconcejal conservador de Bogot\u00e1, <strong>Roger Carrillo<\/strong>, quien aspira a la C\u00e1mara de Representantes con el n\u00famero 118, realiz\u00f3 un recorrido por varios barrios de Fontib\u00f3n, donde se reencontr\u00f3 con l\u00edderes que desde hace tiempo vienen trabajando en favor de su campa\u00f1a.<\/p>\n<p data-start=\"1974\" data-end=\"2499\">De igual manera, el exedil de Fontib\u00f3n y exconcejal de Bogot\u00e1, <strong>Hosman Mart\u00ednez<\/strong>, busca llegar a la C\u00e1mara por el Movimiento de Salvaci\u00f3n Nacional con el n\u00famero 103, en f\u00f3rmula con <strong>Sara Castellanos<\/strong>, n\u00famero 100, de la Iglesia Carism\u00e1tica Internacional.<\/p>\n","protected":false},"excerpt":{"rendered":"<p>De cara a las elecciones al Congreso de la Rep\u00fablica, que se realizar\u00e1n el pr\u00f3ximo 8 de marzo, los ediles de la localidad de Fontib\u00f3n han venido consolidando acuerdos y desarrollando diversas acciones pol\u00edticas con el objetivo de fortalecer sus estructuras y asegurar mejores resultados en las urnas junto a sus aliados. Seg\u00fan informaci\u00f3n conocida [&hellip;]<\/p>\n","protected":false},"author":1,"featured_media":3578,"comment_status":"closed","ping_status":"closed","sticky":false,"template":"","format":"standard","meta":{"footnotes":""},"categories":[5],"tags":[54,40,138,213,126,83,45,46,103,32,91,143,119],"class_list":["post-3576","post","type-post","status-publish","format-standard","has-post-thumbnail","hentry","category-localidad","tag-aeropuerto","tag-bogota","tag-bogotasolidaria","tag-calle13","tag-concejodebogota","tag-corrupcion","tag-edil","tag-elecciones","tag-fontibon-alcaldelocal","tag-hayuelos","tag-juntascomunales","tag-medioscomunitarios","tag-participacion"],"_links":{"self":[{"href":"https:\/\/nuevofontibon.com\/index.php?rest_route=\/wp\/v2\/posts\/3576","targetHints":{"allow":["GET"]}}],"collection":[{"href":"https:\/\/nuevofontibon.com\/index.php?rest_route=\/wp\/v2\/posts"}],"about":[{"href":"https:\/\/nuevofontibon.com\/index.php?rest_route=\/wp\/v2\/types\/post"}],"author":[{"embeddable":true,"href":"https:\/\/nuevofontibon.com\/index.php?rest_route=\/wp\/v2\/users\/1"}],"replies":[{"embeddable":true,"href":"https:\/\/nuevofontibon.com\/index.php?rest_route=%2Fwp%2Fv2%2Fcomments&post=3576"}],"version-history":[{"count":3,"href":"https:\/\/nuevofontibon.com\/index.php?rest_route=\/wp\/v2\/posts\/3576\/revisions"}],"predecessor-version":[{"id":3582,"href":"https:\/\/nuevofontibon.com\/index.php?rest_route=\/wp\/v2\/posts\/3576\/revisions\/3582"}],"wp:featuredmedia":[{"embeddable":true,"href":"https:\/\/nuevofontibon.com\/index.php?rest_route=\/wp\/v2\/media\/3578"}],"wp:attachment":[{"href":"https:\/\/nuevofontibon.com\/index.php?rest_route=%2Fwp%2Fv2%2Fmedia&parent=3576"}],"wp:term":[{"taxonomy":"category","embeddable":true,"href":"https:\/\/nuevofontibon.com\/index.php?rest_route=%2Fwp%2Fv2%2Fcategories&post=3576"},{"taxonomy":"post_tag","embeddable":true,"href":"https:\/\/nuevofontibon.com\/index.php?rest_route=%2Fwp%2Fv2%2Ftags&post=3576"}],"curies":[{"name":"wp","href":"https:\/\/api.w.org\/{rel}","templated":true}]}}