{"id":3497,"date":"2024-11-27T21:12:06","date_gmt":"2024-11-28T02:12:06","guid":{"rendered":"https:\/\/nuevofontibon.com\/?p=3497"},"modified":"2024-11-27T21:12:06","modified_gmt":"2024-11-28T02:12:06","slug":"buscando-trabajo-aqui-esta-tu-oportunidad-ya","status":"publish","type":"post","link":"https:\/\/nuevofontibon.com\/?p=3497","title":{"rendered":"\u00bfBuscando trabajo? \u00a1Aqu\u00ed esta tu oportunidad ya!"},"content":{"rendered":"<p><span style=\"font-family: arial, sans-serif;\">Nos complace compartir con usted la informaci\u00f3n sobre la compa\u00f1\u00eda, Job and Talent\u00a0 ( <a href=\"https:\/\/www.jobandtalent.co\/\" target=\"_blank\" rel=\"noopener\" data-saferedirecturl=\"https:\/\/www.google.com\/url?q=https:\/\/www.jobandtalent.co\/&amp;source=gmail&amp;ust=1732801310532000&amp;usg=AOvVaw2snijpt8lhjaK2m3fBMGV0\">https:\/\/www.jobandtalent.co\/<\/a> ) en Colombia. Empresa que cuenta con m\u00e1s de 2.500 empresas registradas a nivel nacional (<a href=\"https:\/\/www.jobandtalent.co\/empresas\" target=\"_blank\" rel=\"noopener\" data-saferedirecturl=\"https:\/\/www.google.com\/url?q=https:\/\/www.jobandtalent.co\/empresas&amp;source=gmail&amp;ust=1732801310532000&amp;usg=AOvVaw2mJjd7oD4w4bjfJXpLPQld\">https:\/\/www.jobandtalent.co\/<wbr \/>empresas<\/a>) quienes conf\u00edan en ellos en la b\u00fasqueda del mejor talento humano.<br \/>\n<img loading=\"lazy\" decoding=\"async\" class=\"aligncenter size-full wp-image-3499\" src=\"https:\/\/nuevofontibon.com\/wp-content\/uploads\/2024\/11\/empleo1.jpg\" alt=\"\" width=\"712\" height=\"462\" srcset=\"https:\/\/nuevofontibon.com\/wp-content\/uploads\/2024\/11\/empleo1.jpg 712w, https:\/\/nuevofontibon.com\/wp-content\/uploads\/2024\/11\/empleo1-300x195.jpg 300w, https:\/\/nuevofontibon.com\/wp-content\/uploads\/2024\/11\/empleo1-647x420.jpg 647w, https:\/\/nuevofontibon.com\/wp-content\/uploads\/2024\/11\/empleo1-696x452.jpg 696w\" sizes=\"auto, (max-width: 712px) 100vw, 712px\" \/><br \/>\nActualmente, est\u00e1n buscando personas interesadas en vincularse con las siguientes compa\u00f1\u00edas: Carvajal <a href=\"https:\/\/www.carvajal.com\/\" target=\"_blank\" rel=\"noopener\" data-saferedirecturl=\"https:\/\/www.google.com\/url?q=https:\/\/www.carvajal.com\/&amp;source=gmail&amp;ust=1732801310532000&amp;usg=AOvVaw3saYIZuGcNo6lz5CckD3jD\">https:\/\/www.carvajal.com\/<\/a> y Covinoc <a href=\"https:\/\/www.covinoc.com\/#\/\" target=\"_blank\" rel=\"noopener\" data-saferedirecturl=\"https:\/\/www.google.com\/url?q=https:\/\/www.covinoc.com\/%23\/&amp;source=gmail&amp;ust=1732801310532000&amp;usg=AOvVaw1a4bG38-AtE_ROVsv-xJ3Z\">https:\/\/www.covinoc.com <\/a>\u00a0El objetivo es brindar contratos de vinculaci\u00f3n laboral formal. <\/span>En seguimiento a una alianza estrat\u00e9gica con <a href=\"https:\/\/www.nuevofontibon.com\">https:\/\/www.nuevofontibon.com<\/a> y <a href=\"https:\/\/www.radiofontibonfm.com\">https:\/\/www.radiofontibonfm.com<\/a> , nos complace adjuntar la informaci\u00f3n solicitada para beneficio de la ciudadan\u00eda, con el respaldo y seriedad que nos caracteriza.<\/p>\n<div><b><span style=\"font-family: arial, sans-serif;\">OFERTA TEMPORADA ESCOLAR\u00a0 \/ VACANTES 110<\/span><\/b><\/div>\n<div><span style=\"font-family: arial, sans-serif;\">\u00bfBuscas un desaf\u00edo emocionante en el mundo de las ventas? \u00bfTienes experiencia en comercio y quieres unirte a un equipo din\u00e1mico?<\/span><span style=\"font-family: arial, sans-serif;\">Estamos buscando un Asesor Comercial experimentado y motivado para unirse a nuestro equipo durante la Temporada Escolar.<br \/>\nComo Asesor Comercial, tendr\u00e1s la oportunidad de trabajar con una variedad de productos educativos, desde materiales de arte hasta tecnolog\u00eda. Tambi\u00e9n tendr\u00e1s la oportunidad de interactuar con clientes y ayudarlos a encontrar las mejores soluciones para sus necesidades.<\/span><span style=\"font-family: arial, sans-serif;\">Detalles de la vacante<\/span><span style=\"font-family: arial, sans-serif;\">&#8211; Puesto: Asesor Comercial<br \/>\n&#8211; Experiencia: Minimo 3 meses de experiencia certificada<br \/>\n&#8211; Educaci\u00f3n: Bachiller acad\u00e9mico<br \/>\n&#8211; Habilidades: Excelente comunicaci\u00f3n, habilidades de ventas, capacidad para trabajar en equipo<br \/>\n&#8211; Beneficios: 1\u00b4300.000 + prestaciones legales y bonificaciones.<\/span><span style=\"font-family: arial, sans-serif;\">Si est\u00e1s listo para unirse a nuestro equipo y alcanzar tus metas de ventas, no dudes en aplicar. Te esperamos este Viernes 29 de octubre en la Calle 65 N\u00b0 11 &#8211; 70 comunicarse con las l\u00edneas de atenci\u00f3n [WhatsApp 3103976869 &#8211;\u00a0<a href=\"mailto:eyleen.castro@jobandtalent.com\" target=\"_blank\" rel=\"noopener noreferrer\" aria-haspopup=\"menu\">eyleen.castro@jobandtalent.<wbr \/>com<\/a>]<b><\/b><\/span><\/div>\n<div><span style=\"font-family: arial, sans-serif;\">\u00a0<\/span><\/div>\n<div><b><span style=\"font-family: arial, sans-serif;\">OFERTA : ASESOR DE COBRANZA\u00a0 \u00a0\/ VACANTES 45<\/span><\/b><\/div>\n<div><b><span style=\"font-family: arial, sans-serif;\">\u00a0<\/span><\/b><\/div>\n<div><span style=\"font-family: arial, sans-serif;\"><i>\u00a1Atenci\u00f3n! Si tienes experiencia como\u00a0<\/i><b><i>asesor de cobranza<\/i><\/b><i>\u00a0y has trabajado con\u00a0<\/i><b><i>m\u00e1s de 400 d\u00edas de mora<\/i><\/b><i>, esta oportunidad es para ti.\u00a0<\/i><b><i>Jobandtalent<\/i><\/b><i>\u00a0est\u00e1 en b\u00fasqueda de profesionales como t\u00fa, con al menos\u00a0<\/i><b><i>1 a\u00f1o de experiencia<\/i><\/b><i>. No dejes pasar esta excelente oportunidad laboral.<\/i><br \/>\n<i>Interesados, enviad vuestra hoja de vida al\u00a0<\/i><b><i>WhatsApp\u00a0<\/i><\/b><a href=\"tel:3112213558\" target=\"_blank\" rel=\"noopener noreferrer\">311 2213558<\/a><i>. \u00a1No esperes m\u00e1s y \u00fanete al equipo de Jobandtalent hoy mismo!<\/i><\/span><\/div>\n<div><img loading=\"lazy\" decoding=\"async\" class=\"aligncenter size-full wp-image-3498\" src=\"https:\/\/nuevofontibon.com\/wp-content\/uploads\/2024\/11\/vacantes.jpeg\" alt=\"\" width=\"1131\" height=\"1600\" srcset=\"https:\/\/nuevofontibon.com\/wp-content\/uploads\/2024\/11\/vacantes.jpeg 1131w, https:\/\/nuevofontibon.com\/wp-content\/uploads\/2024\/11\/vacantes-212x300.jpeg 212w, https:\/\/nuevofontibon.com\/wp-content\/uploads\/2024\/11\/vacantes-724x1024.jpeg 724w, https:\/\/nuevofontibon.com\/wp-content\/uploads\/2024\/11\/vacantes-768x1086.jpeg 768w, https:\/\/nuevofontibon.com\/wp-content\/uploads\/2024\/11\/vacantes-1086x1536.jpeg 1086w, https:\/\/nuevofontibon.com\/wp-content\/uploads\/2024\/11\/vacantes-297x420.jpeg 297w, https:\/\/nuevofontibon.com\/wp-content\/uploads\/2024\/11\/vacantes-696x985.jpeg 696w, https:\/\/nuevofontibon.com\/wp-content\/uploads\/2024\/11\/vacantes-1068x1511.jpeg 1068w\" sizes=\"auto, (max-width: 1131px) 100vw, 1131px\" \/><\/div>\n<div><span style=\"font-family: arial, sans-serif;\"><\/p>\n<p><\/span><\/div>\n","protected":false},"excerpt":{"rendered":"<p>Nos complace compartir con usted la informaci\u00f3n sobre la compa\u00f1\u00eda, Job and Talent\u00a0 ( https:\/\/www.jobandtalent.co\/ ) en Colombia. Empresa que cuenta con m\u00e1s de 2.500 empresas registradas a nivel nacional (https:\/\/www.jobandtalent.co\/empresas) quienes conf\u00edan en ellos en la b\u00fasqueda del mejor talento humano. Actualmente, est\u00e1n buscando personas interesadas en vincularse con las siguientes compa\u00f1\u00edas: Carvajal https:\/\/www.carvajal.com\/ [&hellip;]<\/p>\n","protected":false},"author":1,"featured_media":3499,"comment_status":"closed","ping_status":"closed","sticky":false,"template":"","format":"standard","meta":{"footnotes":""},"categories":[4,5],"tags":[],"class_list":["post-3497","post","type-post","status-publish","format-standard","has-post-thumbnail","hentry","category-bogota","category-localidad"],"_links":{"self":[{"href":"https:\/\/nuevofontibon.com\/index.php?rest_route=\/wp\/v2\/posts\/3497","targetHints":{"allow":["GET"]}}],"collection":[{"href":"https:\/\/nuevofontibon.com\/index.php?rest_route=\/wp\/v2\/posts"}],"about":[{"href":"https:\/\/nuevofontibon.com\/index.php?rest_route=\/wp\/v2\/types\/post"}],"author":[{"embeddable":true,"href":"https:\/\/nuevofontibon.com\/index.php?rest_route=\/wp\/v2\/users\/1"}],"replies":[{"embeddable":true,"href":"https:\/\/nuevofontibon.com\/index.php?rest_route=%2Fwp%2Fv2%2Fcomments&post=3497"}],"version-history":[{"count":1,"href":"https:\/\/nuevofontibon.com\/index.php?rest_route=\/wp\/v2\/posts\/3497\/revisions"}],"predecessor-version":[{"id":3500,"href":"https:\/\/nuevofontibon.com\/index.php?rest_route=\/wp\/v2\/posts\/3497\/revisions\/3500"}],"wp:featuredmedia":[{"embeddable":true,"href":"https:\/\/nuevofontibon.com\/index.php?rest_route=\/wp\/v2\/media\/3499"}],"wp:attachment":[{"href":"https:\/\/nuevofontibon.com\/index.php?rest_route=%2Fwp%2Fv2%2Fmedia&parent=3497"}],"wp:term":[{"taxonomy":"category","embeddable":true,"href":"https:\/\/nuevofontibon.com\/index.php?rest_route=%2Fwp%2Fv2%2Fcategories&post=3497"},{"taxonomy":"post_tag","embeddable":true,"href":"https:\/\/nuevofontibon.com\/index.php?rest_route=%2Fwp%2Fv2%2Ftags&post=3497"}],"curies":[{"name":"wp","href":"https:\/\/api.w.org\/{rel}","templated":true}]}}