{"id":3025,"date":"2024-05-06T19:39:17","date_gmt":"2024-05-07T00:39:17","guid":{"rendered":"https:\/\/nuevofontibon.com\/?p=3025"},"modified":"2024-05-06T20:33:11","modified_gmt":"2024-05-07T01:33:11","slug":"urgente-devuelven-la-terna-para-alcalde-sa-local-de-fontibon","status":"publish","type":"post","link":"https:\/\/nuevofontibon.com\/?p=3025","title":{"rendered":"\u00a1Urgente! devuelven la terna para alcalde\/sa local de Fontib\u00f3n"},"content":{"rendered":"<p>En la tarde este 6 de mayo, se supo de la devoluci\u00f3n de la terna para nombrar alcalde o alcaldesa local para la Localidad de Fontib\u00f3n.<\/p>\n<figure id=\"attachment_3026\" aria-describedby=\"caption-attachment-3026\" style=\"width: 1290px\" class=\"wp-caption aligncenter\"><img loading=\"lazy\" decoding=\"async\" class=\"wp-image-3026 size-full\" src=\"https:\/\/nuevofontibon.com\/wp-content\/uploads\/2024\/05\/RADICADO-DEVOLUCION-TERNA.jpeg\" alt=\"\" width=\"1290\" height=\"537\" srcset=\"https:\/\/nuevofontibon.com\/wp-content\/uploads\/2024\/05\/RADICADO-DEVOLUCION-TERNA.jpeg 1290w, https:\/\/nuevofontibon.com\/wp-content\/uploads\/2024\/05\/RADICADO-DEVOLUCION-TERNA-300x125.jpeg 300w, https:\/\/nuevofontibon.com\/wp-content\/uploads\/2024\/05\/RADICADO-DEVOLUCION-TERNA-1024x426.jpeg 1024w, https:\/\/nuevofontibon.com\/wp-content\/uploads\/2024\/05\/RADICADO-DEVOLUCION-TERNA-768x320.jpeg 768w, https:\/\/nuevofontibon.com\/wp-content\/uploads\/2024\/05\/RADICADO-DEVOLUCION-TERNA-696x290.jpeg 696w, https:\/\/nuevofontibon.com\/wp-content\/uploads\/2024\/05\/RADICADO-DEVOLUCION-TERNA-1068x445.jpeg 1068w, https:\/\/nuevofontibon.com\/wp-content\/uploads\/2024\/05\/RADICADO-DEVOLUCION-TERNA-1009x420.jpeg 1009w\" sizes=\"auto, (max-width: 1290px) 100vw, 1290px\" \/><figcaption id=\"caption-attachment-3026\" class=\"wp-caption-text\">Facsimil del radicado de la devoluci\u00f3n de la terna de candidatos para alcalde\/sa de Fontib\u00f3n<\/figcaption><\/figure>\n<p><strong>Radio Fontib\u00f3n FM,<\/strong> conoci\u00f3 que el ofici\u00f3 lleg\u00f3 al finalizar la tarde del lunes y que la Junta Administradora Local, deber\u00e1 tomar una decisi\u00f3n, antes del 10 de mayo en sesiones extraordinarias.<\/p>\n<p>En el mismo sentido y argumentando falta de arraigo de la candidata <strong>Adriana Janeth Ortiz Ubaque<\/strong>, con la localidad, la Secretar\u00eda justific\u00f3 tal solicitud.<\/p>\n<p>Lo que viene ahora, es que la Corporaci\u00f3n en la pr\u00f3xima sesi\u00f3n someta a discusi\u00f3n y votaci\u00f3n la solicitud de Gobierno y proceda a dejar a la misma persona o a postular otro nombre, en este caso a otra de las que pasaron el concurso.<\/p>\n<p>Debemos recordar que <b>Adriana Yaneth Ortiz Ubaque, <\/b>obtuvo 4 votos de los ediles\u00a0Javier Ricardo Acero L\u00f3pez (Liberal), Blanca Nidia Castro Herrera (NL), Andry Mayerli Lozano (CR-Mira), V\u00edctor Mosquera (CD).<\/p>\n<p>Se espera el pronunciamiento y la decisi\u00f3n de la Corporaci\u00f3n. (aqu\u00ed el texto del documento firmado por el alcalde Carlos Fernando Gal\u00e1n): <a href=\"https:\/\/nuevofontibon.com\/wp-content\/uploads\/2024\/05\/1-y-2.pdf\">https:\/\/nuevofontibon.com\/wp-content\/uploads\/2024\/05\/1-y-2.pdf<\/a><\/p>\n<p>(En desarrollo)<\/p>\n","protected":false},"excerpt":{"rendered":"<p>En la tarde este 6 de mayo, se supo de la devoluci\u00f3n de la terna para nombrar alcalde o alcaldesa local para la Localidad de Fontib\u00f3n. Radio Fontib\u00f3n FM, conoci\u00f3 que el ofici\u00f3 lleg\u00f3 al finalizar la tarde del lunes y que la Junta Administradora Local, deber\u00e1 tomar una decisi\u00f3n, antes del 10 de mayo [&hellip;]<\/p>\n","protected":false},"author":1,"featured_media":3027,"comment_status":"closed","ping_status":"closed","sticky":false,"template":"","format":"standard","meta":{"footnotes":""},"categories":[5],"tags":[74,102,40,114,138,62,126,45,46,84,32,91,143,119],"class_list":["post-3025","post","type-post","status-publish","format-standard","has-post-thumbnail","hentry","category-localidad","tag-alcaldelocal","tag-alcaldelocalfontibon","tag-bogota","tag-bogota-medioambiente","tag-bogotasolidaria","tag-claudialopez","tag-concejodebogota","tag-edil","tag-elecciones","tag-encuentrosciudadanos","tag-hayuelos","tag-juntascomunales","tag-medioscomunitarios","tag-participacion"],"_links":{"self":[{"href":"https:\/\/nuevofontibon.com\/index.php?rest_route=\/wp\/v2\/posts\/3025","targetHints":{"allow":["GET"]}}],"collection":[{"href":"https:\/\/nuevofontibon.com\/index.php?rest_route=\/wp\/v2\/posts"}],"about":[{"href":"https:\/\/nuevofontibon.com\/index.php?rest_route=\/wp\/v2\/types\/post"}],"author":[{"embeddable":true,"href":"https:\/\/nuevofontibon.com\/index.php?rest_route=\/wp\/v2\/users\/1"}],"replies":[{"embeddable":true,"href":"https:\/\/nuevofontibon.com\/index.php?rest_route=%2Fwp%2Fv2%2Fcomments&post=3025"}],"version-history":[{"count":0,"href":"https:\/\/nuevofontibon.com\/index.php?rest_route=\/wp\/v2\/posts\/3025\/revisions"}],"wp:featuredmedia":[{"embeddable":true,"href":"https:\/\/nuevofontibon.com\/index.php?rest_route=\/wp\/v2\/media\/3027"}],"wp:attachment":[{"href":"https:\/\/nuevofontibon.com\/index.php?rest_route=%2Fwp%2Fv2%2Fmedia&parent=3025"}],"wp:term":[{"taxonomy":"category","embeddable":true,"href":"https:\/\/nuevofontibon.com\/index.php?rest_route=%2Fwp%2Fv2%2Fcategories&post=3025"},{"taxonomy":"post_tag","embeddable":true,"href":"https:\/\/nuevofontibon.com\/index.php?rest_route=%2Fwp%2Fv2%2Ftags&post=3025"}],"curies":[{"name":"wp","href":"https:\/\/api.w.org\/{rel}","templated":true}]}}