{"id":2999,"date":"2024-02-20T22:04:09","date_gmt":"2024-02-21T03:04:09","guid":{"rendered":"https:\/\/nuevofontibon.com\/?p=2999"},"modified":"2024-03-24T23:37:54","modified_gmt":"2024-03-25T04:37:54","slug":"hasta-las-9-p-m-jal-de-fontibon-recibira-inscripciones-para-alcalde-local","status":"publish","type":"post","link":"https:\/\/nuevofontibon.com\/?p=2999","title":{"rendered":"As\u00ed votaron ediles de Fontib\u00f3n la terna para alcalde (sa)"},"content":{"rendered":"<p dir=\"ltr\">Dando cumplimiento a lo estipulado por la Secretar\u00eda de Gobierno de Bogot\u00e1, dentro del proceso meritocr\u00e1tico para designaci\u00f3n de alcalde Local y en un hecho sin precedentes, la Junta Administradora Local de Fontib\u00f3n, en una sola y \u00fanica votaci\u00f3n, conform\u00f3 la terna.<\/p>\n<p dir=\"ltr\">S\u00ed bien es cierto que en a\u00f1os anteriores, este proceso se tomaba varios d\u00edas y sesiones;\u00a0 est\u00e1 vez, los ediles y edilesas ya ten\u00edan claro por qui\u00e9n votar.<\/p>\n<p dir=\"ltr\">C\u00f3mo fruto del resultado meritocr\u00e1tico en la\u00a0 Universidad Nacional, que dej\u00f3 13 aspirantes habilitados, \u00e9stos hicieron la presentaci\u00f3n ante los integrantes de la Corporaci\u00f3n y de all\u00ed a buen juicio de los ediles, tomaron la decisi\u00f3n de consignar los mejores nombres y hojas de vida que ser\u00e1n enviadas ante el alcalde Carlos Fernando Gal\u00e1n, quien tiene la decisi\u00f3n.<\/p>\n<p dir=\"ltr\">En el auditorio de la JAL, se convoc\u00f3 para esta importante elecci\u00f3n este domingo 24 de marzo a las 9 am. C\u00f3mo dijimos al comienzo de esta nota, extra\u00f1amente para esta votaci\u00f3n hab\u00eda poco p\u00fablico, las caras de l\u00edderes sociales y barriales, est\u00e1 vez brillaron por su ausencia.<\/p>\n<p dir=\"ltr\">La sesi\u00f3n, comenz\u00f3 con tranquilidad y se desarrollo de manera normal. En el \u00faltimo punto de la Agenda, estaba la votaci\u00f3n para confirmar la terna, y all\u00ed fueron llamados en su orden los ediles y edilesas, quienes votaron sin vacilaci\u00f3n.<\/p>\n<p dir=\"ltr\">As\u00ed vot\u00f3 la JAL<br \/>\n*<b>Adriana Yaneth Ortiz Ubaque:<\/b>* Javier Ricardo Acero L\u00f3pez (Liberal), Blanca Nidia Castro Herrera (NL), Andry Mayerli Lozano (CR-Mira), V\u00edctor Mosquera (CD).<br \/>\n*<b>Jorge Alexander Rivas Ch\u00e1vez:<\/b>* Eduardo G\u00f3mez Ru\u00edz (Liberal), Gerardo Montero (PH) y Diana Irene\u00a0 S\u00e1nchez Mantilla (Partido Verde).<br \/>\n*<b>Wilfredy Bonilla Lagos:<\/b>* Nilson Guti\u00e9rrez (Partido Verde), Cristian David Rojas (NL).<\/p>\n<p dir=\"ltr\">Se espera que el alcalde Carlos Fernando Gal\u00e1n, haga la mejor elecci\u00f3n, sustentado en la experiencia, el conocimiento y la capacidad administrativa, y desde luego, del conocimiento de la Localidad y sus problem\u00e1ticas.<\/p>\n<p dir=\"ltr\">Est\u00e1 vez la Corporaci\u00f3n di\u00f3 un ejemplar resultado de unidad y compromiso con la Localidad, al ternar con prontitud. Ojal\u00e1 la Localidad, no vuelva a caer en interinidad con su mandatario o mandataria y una vez se designe y posesione, se haga equipo con la ciudadan\u00eda.<\/p>\n","protected":false},"excerpt":{"rendered":"<p>Dando cumplimiento a lo estipulado por la Secretar\u00eda de Gobierno de Bogot\u00e1, dentro del proceso meritocr\u00e1tico para designaci\u00f3n de alcalde Local y en un hecho sin precedentes, la Junta Administradora Local de Fontib\u00f3n, en una sola y \u00fanica votaci\u00f3n, conform\u00f3 la terna. S\u00ed bien es cierto que en a\u00f1os anteriores, este proceso se tomaba varios [&hellip;]<\/p>\n","protected":false},"author":1,"featured_media":2744,"comment_status":"closed","ping_status":"closed","sticky":false,"template":"","format":"standard","meta":{"footnotes":""},"categories":[4,5],"tags":[74,102,40,213,62,126,45,34,103,275,43,143,71],"class_list":["post-2999","post","type-post","status-publish","format-standard","has-post-thumbnail","hentry","category-bogota","category-localidad","tag-alcaldelocal","tag-alcaldelocalfontibon","tag-bogota","tag-calle13","tag-claudialopez","tag-concejodebogota","tag-edil","tag-fontibon","tag-fontibon-alcaldelocal","tag-galanalcalde","tag-jal","tag-medioscomunitarios","tag-metrobogota"],"_links":{"self":[{"href":"https:\/\/nuevofontibon.com\/index.php?rest_route=\/wp\/v2\/posts\/2999","targetHints":{"allow":["GET"]}}],"collection":[{"href":"https:\/\/nuevofontibon.com\/index.php?rest_route=\/wp\/v2\/posts"}],"about":[{"href":"https:\/\/nuevofontibon.com\/index.php?rest_route=\/wp\/v2\/types\/post"}],"author":[{"embeddable":true,"href":"https:\/\/nuevofontibon.com\/index.php?rest_route=\/wp\/v2\/users\/1"}],"replies":[{"embeddable":true,"href":"https:\/\/nuevofontibon.com\/index.php?rest_route=%2Fwp%2Fv2%2Fcomments&post=2999"}],"version-history":[{"count":0,"href":"https:\/\/nuevofontibon.com\/index.php?rest_route=\/wp\/v2\/posts\/2999\/revisions"}],"wp:featuredmedia":[{"embeddable":true,"href":"https:\/\/nuevofontibon.com\/index.php?rest_route=\/wp\/v2\/media\/2744"}],"wp:attachment":[{"href":"https:\/\/nuevofontibon.com\/index.php?rest_route=%2Fwp%2Fv2%2Fmedia&parent=2999"}],"wp:term":[{"taxonomy":"category","embeddable":true,"href":"https:\/\/nuevofontibon.com\/index.php?rest_route=%2Fwp%2Fv2%2Fcategories&post=2999"},{"taxonomy":"post_tag","embeddable":true,"href":"https:\/\/nuevofontibon.com\/index.php?rest_route=%2Fwp%2Fv2%2Ftags&post=2999"}],"curies":[{"name":"wp","href":"https:\/\/api.w.org\/{rel}","templated":true}]}}