{"id":2984,"date":"2024-01-25T20:00:40","date_gmt":"2024-01-26T01:00:40","guid":{"rendered":"https:\/\/nuevofontibon.com\/?p=2984"},"modified":"2024-01-25T20:32:07","modified_gmt":"2024-01-26T01:32:07","slug":"fontibon-en-maxima-alerta-por-calidad-del-aire-anuncia-alcalde-galan","status":"publish","type":"post","link":"https:\/\/nuevofontibon.com\/?p=2984","title":{"rendered":"Fontib\u00f3n en m\u00e1xima alerta por calidad del aire, anuncia alcalde Gal\u00e1n."},"content":{"rendered":"<p>Como lo hemos venido informando y como consecuencia de la mala calidad del aire en Bogot\u00e1, debido a los incendios forestales que se presentan en la ciudad, el alcalde mayor de Bogot\u00e1, Carlos Fernando Gal\u00e1n, decret\u00f3 la medida de Alerta Zonal.<\/p>\n<figure id=\"attachment_2985\" aria-describedby=\"caption-attachment-2985\" style=\"width: 780px\" class=\"wp-caption aligncenter\"><img loading=\"lazy\" decoding=\"async\" class=\"wp-image-2985 size-full\" src=\"https:\/\/nuevofontibon.com\/wp-content\/uploads\/2024\/01\/incendio.jpeg\" alt=\"\" width=\"780\" height=\"565\" srcset=\"https:\/\/nuevofontibon.com\/wp-content\/uploads\/2024\/01\/incendio.jpeg 780w, https:\/\/nuevofontibon.com\/wp-content\/uploads\/2024\/01\/incendio-300x217.jpeg 300w, https:\/\/nuevofontibon.com\/wp-content\/uploads\/2024\/01\/incendio-768x556.jpeg 768w, https:\/\/nuevofontibon.com\/wp-content\/uploads\/2024\/01\/incendio-324x235.jpeg 324w, https:\/\/nuevofontibon.com\/wp-content\/uploads\/2024\/01\/incendio-696x504.jpeg 696w, https:\/\/nuevofontibon.com\/wp-content\/uploads\/2024\/01\/incendio-580x420.jpeg 580w\" sizes=\"auto, (max-width: 780px) 100vw, 780px\" \/><figcaption id=\"caption-attachment-2985\" class=\"wp-caption-text\">La mala calidad del aire por los incendios forestales, llevaron a tomar medidas de movilidad al alcalde Gal\u00e1n.<\/figcaption><\/figure>\n<p>La medida afecta en su totalidad a las localidades Bosa y Kennedy. Parcialmente las localidades de Puente Aranda, Tunjuelito, Fontib\u00f3n y Ciudad Bol\u00edvar, seg\u00fan indic\u00f3 el mandatario. La comunidad se puede informar la delimitaci\u00f3n de la alerta zonal por calidad del aire a partir de este viernes 26 de enero desde las 6 de la ma\u00f1ana.<\/p>\n<p><strong>PICO Y PLACA LOS S\u00c1BADOS.<\/strong><\/p>\n<p>El Alcalde inform\u00f3 la extensi\u00f3n del pico y placa para particulares los d\u00edas s\u00e1bado de 6 de la ma\u00f1ana a 12 del d\u00eda. Los camiones de carga que\u00a0 tengan m\u00e1s d e10 a\u00f1os, circular\u00e1n pares de 6 de la ma\u00f1ana a 1 de la tarde e impares de 1 de la tarde a 8 pm.<\/p>\n<p><strong>PICO Y PLACA SOLIDARIO<\/strong><\/p>\n<p><img loading=\"lazy\" decoding=\"async\" class=\"aligncenter size-full wp-image-2986\" src=\"https:\/\/nuevofontibon.com\/wp-content\/uploads\/2024\/01\/pico-y-placa.jpeg\" alt=\"\" width=\"2048\" height=\"1536\" srcset=\"https:\/\/nuevofontibon.com\/wp-content\/uploads\/2024\/01\/pico-y-placa.jpeg 2048w, https:\/\/nuevofontibon.com\/wp-content\/uploads\/2024\/01\/pico-y-placa-300x225.jpeg 300w, https:\/\/nuevofontibon.com\/wp-content\/uploads\/2024\/01\/pico-y-placa-1024x768.jpeg 1024w, https:\/\/nuevofontibon.com\/wp-content\/uploads\/2024\/01\/pico-y-placa-768x576.jpeg 768w, https:\/\/nuevofontibon.com\/wp-content\/uploads\/2024\/01\/pico-y-placa-1536x1152.jpeg 1536w, https:\/\/nuevofontibon.com\/wp-content\/uploads\/2024\/01\/pico-y-placa-80x60.jpeg 80w, https:\/\/nuevofontibon.com\/wp-content\/uploads\/2024\/01\/pico-y-placa-265x198.jpeg 265w, https:\/\/nuevofontibon.com\/wp-content\/uploads\/2024\/01\/pico-y-placa-696x522.jpeg 696w, https:\/\/nuevofontibon.com\/wp-content\/uploads\/2024\/01\/pico-y-placa-1068x801.jpeg 1068w, https:\/\/nuevofontibon.com\/wp-content\/uploads\/2024\/01\/pico-y-placa-560x420.jpeg 560w\" sizes=\"auto, (max-width: 2048px) 100vw, 2048px\" \/><\/p>\n<p>Seg\u00fan conoci\u00f3 <strong>NUEVOFONTIBON.COM<\/strong>, se suspende el tr\u00e1mite de nuevas solicitudes durante la emergencia. Por otro lado, quienes ya pagaron el mes de enero, no tendr\u00edan inconveniente.<\/p>\n<p><strong>ANUNCIOS CONCRETOS DEL ALCALDE:<\/strong><\/p>\n<p><span class=\"css-1qaijid r-bcqeeo r-qvutc0 r-poiln3\">Dijo el alcalde que: &#8220;anunciamos que, ante el deterioro en la calidad del aire, declaramos alerta zonal en el sur occidente de la ciudad. Esta alerta aplica en las localidades de Bosa y Kennedy, y parcialmente en Puente Aranda, Fontib\u00f3n y Tunjuelito. Hemos adoptado las siguientes medidas, que entrar\u00e1n a regir desde ma\u00f1ana a las 6 a.m.: En salud: Implementaremos planes de atenci\u00f3n hospitalaria y adelantaremos acciones pedag\u00f3gicas para prevenir nuevas afectaciones en salud. En educaci\u00f3n: A trav\u00e9s de <\/span><span class=\"r-18u37iz\"><a class=\"css-1qaijid r-bcqeeo r-qvutc0 r-poiln3 r-1loqt21\" dir=\"ltr\" role=\"link\" href=\"https:\/\/twitter.com\/Educacionbogota\"><span class=\"\">@Educacionbogot<\/span>a <\/a><\/span>informaremos qu\u00e9 colegios entran en la virtualidad. As\u00ed mismo, adoptamos medidas de movilidad que aplicar\u00e1n en toda la ciudad: &#8211; Habr\u00e1 pico y placa para veh\u00edculos particulares los s\u00e1bados de 6 a.m. a 12 m. Este s\u00e1bado les corresponde a las placas terminadas en 6, 7, 8, 9 y 0. &#8211; Los veh\u00edculos de carga que tengan m\u00e1s de 10 a\u00f1os tambi\u00e9n tendr\u00e1n pico y placa. &#8211; Se suspenden nuevos tr\u00e1mites de pico y placa solidario. Estas medidas se mantendr\u00e1n mientras est\u00e9 vigente la alerta por deterioro en la calidad del aire. Les agradezco a todos su comprensi\u00f3n y su buena disposici\u00f3n, todos somos parte de la soluci\u00f3n.<\/p>\n<p>Opine en radifontibonfm@gmail.com<\/p>\n","protected":false},"excerpt":{"rendered":"<p>Como lo hemos venido informando y como consecuencia de la mala calidad del aire en Bogot\u00e1, debido a los incendios forestales que se presentan en la ciudad, el alcalde mayor de Bogot\u00e1, Carlos Fernando Gal\u00e1n, decret\u00f3 la medida de Alerta Zonal. La medida afecta en su totalidad a las localidades Bosa y Kennedy. Parcialmente las [&hellip;]<\/p>\n","protected":false},"author":1,"featured_media":2986,"comment_status":"closed","ping_status":"closed","sticky":false,"template":"","format":"standard","meta":{"footnotes":""},"categories":[4,5],"tags":[74,40,213,126,34,273,275,32,210,80],"class_list":["post-2984","post","type-post","status-publish","format-standard","has-post-thumbnail","hentry","category-bogota","category-localidad","tag-alcaldelocal","tag-bogota","tag-calle13","tag-concejodebogota","tag-fontibon","tag-galan","tag-galanalcalde","tag-hayuelos","tag-movilidad","tag-policia"],"_links":{"self":[{"href":"https:\/\/nuevofontibon.com\/index.php?rest_route=\/wp\/v2\/posts\/2984","targetHints":{"allow":["GET"]}}],"collection":[{"href":"https:\/\/nuevofontibon.com\/index.php?rest_route=\/wp\/v2\/posts"}],"about":[{"href":"https:\/\/nuevofontibon.com\/index.php?rest_route=\/wp\/v2\/types\/post"}],"author":[{"embeddable":true,"href":"https:\/\/nuevofontibon.com\/index.php?rest_route=\/wp\/v2\/users\/1"}],"replies":[{"embeddable":true,"href":"https:\/\/nuevofontibon.com\/index.php?rest_route=%2Fwp%2Fv2%2Fcomments&post=2984"}],"version-history":[{"count":0,"href":"https:\/\/nuevofontibon.com\/index.php?rest_route=\/wp\/v2\/posts\/2984\/revisions"}],"wp:featuredmedia":[{"embeddable":true,"href":"https:\/\/nuevofontibon.com\/index.php?rest_route=\/wp\/v2\/media\/2986"}],"wp:attachment":[{"href":"https:\/\/nuevofontibon.com\/index.php?rest_route=%2Fwp%2Fv2%2Fmedia&parent=2984"}],"wp:term":[{"taxonomy":"category","embeddable":true,"href":"https:\/\/nuevofontibon.com\/index.php?rest_route=%2Fwp%2Fv2%2Fcategories&post=2984"},{"taxonomy":"post_tag","embeddable":true,"href":"https:\/\/nuevofontibon.com\/index.php?rest_route=%2Fwp%2Fv2%2Ftags&post=2984"}],"curies":[{"name":"wp","href":"https:\/\/api.w.org\/{rel}","templated":true}]}}