{"id":2944,"date":"2024-01-04T20:08:17","date_gmt":"2024-01-05T01:08:17","guid":{"rendered":"https:\/\/nuevofontibon.com\/?p=2944"},"modified":"2024-01-07T14:14:35","modified_gmt":"2024-01-07T19:14:35","slug":"inicio-empalme-con-alcaldes-locales-en-bogota","status":"publish","type":"post","link":"https:\/\/nuevofontibon.com\/?p=2944","title":{"rendered":"Inici\u00f3 empalme con alcaldes locales en Bogot\u00e1"},"content":{"rendered":"<p><span class=\"css-1qaijid r-bcqeeo r-qvutc0 r-poiln3\">El nuevo Secretario de Gobierno de Bogot\u00e1, <strong>Gustavo Quintero<\/strong>, <\/span>inici\u00f3 las reuniones de empalme con los actuales alcaldes locales, donde se abordaron temas relacionados con las acciones realizadas a la fecha, los principales logros y los retos de este a\u00f1o que inicia.<\/p>\n<figure id=\"attachment_2946\" aria-describedby=\"caption-attachment-2946\" style=\"width: 2035px\" class=\"wp-caption aligncenter\"><img loading=\"lazy\" decoding=\"async\" class=\"wp-image-2946 size-full\" src=\"https:\/\/nuevofontibon.com\/wp-content\/uploads\/2024\/01\/empalme-alcaldes-locales-1.jpeg\" alt=\"\" width=\"2035\" height=\"1111\" srcset=\"https:\/\/nuevofontibon.com\/wp-content\/uploads\/2024\/01\/empalme-alcaldes-locales-1.jpeg 2035w, https:\/\/nuevofontibon.com\/wp-content\/uploads\/2024\/01\/empalme-alcaldes-locales-1-300x164.jpeg 300w, https:\/\/nuevofontibon.com\/wp-content\/uploads\/2024\/01\/empalme-alcaldes-locales-1-1024x559.jpeg 1024w, https:\/\/nuevofontibon.com\/wp-content\/uploads\/2024\/01\/empalme-alcaldes-locales-1-768x419.jpeg 768w, https:\/\/nuevofontibon.com\/wp-content\/uploads\/2024\/01\/empalme-alcaldes-locales-1-1536x839.jpeg 1536w, https:\/\/nuevofontibon.com\/wp-content\/uploads\/2024\/01\/empalme-alcaldes-locales-1-696x380.jpeg 696w, https:\/\/nuevofontibon.com\/wp-content\/uploads\/2024\/01\/empalme-alcaldes-locales-1-1068x583.jpeg 1068w, https:\/\/nuevofontibon.com\/wp-content\/uploads\/2024\/01\/empalme-alcaldes-locales-1-769x420.jpeg 769w\" sizes=\"auto, (max-width: 2035px) 100vw, 2035px\" \/><figcaption id=\"caption-attachment-2946\" class=\"wp-caption-text\">El nuevo Secretario de Bogot\u00e1, Gustavo Quintero, con los actuales alcaldes locales de la ciudad (Foto Secretar\u00eda de Gobierno).<\/figcaption><\/figure>\n<p>Como es sabido, en los primeros d\u00edas del mes de enero se van a establecer las reglas de juego respecto al concurso que adelantar\u00e1 una universidad conseguir a los 20 mandatarios locales que trabajar\u00e1n con el alcalde <strong>Carlos Fernando Gal\u00e1n.<\/strong><\/p>\n<p>Buscando conseguir los mejores perfiles, varias entidades y organizaciones particulares vienen ofreciendo formaci\u00f3n y capacitaci\u00f3n en los temas de gobierno que se manejan en las alcald\u00edas locales. Hay que tener mucho cuidado.<\/p>\n<p>Para Fontib\u00f3n, se espera que esta vez, el alcalde Gal\u00e1n nombre a una persona de manera definitiva y no suceda como en la anterior administraci\u00f3n, que estuvo en manos de 4 mandatarios, situaci\u00f3n que dificulta la planeaci\u00f3n y ejecuci\u00f3n de los recursos asignados a resolver los problemas m\u00e1s sensibles de la Localidad.<\/p>\n<p><strong>SE POSESION\u00d3 LA NUEVA JAL 2024<\/strong><\/p>\n<p>De otro lado, el pasado 1ro de enero, en la sede de la Junta Administradora Local, tomaron posesi\u00f3n los 9 ediles que har\u00e1n parte de la Corporaci\u00f3n durante estos 4 a\u00f1os.<\/p>\n<p><img loading=\"lazy\" decoding=\"async\" class=\"aligncenter size-full wp-image-2947\" src=\"https:\/\/nuevofontibon.com\/wp-content\/uploads\/2024\/01\/posesion-jal-2024.jpeg\" alt=\"\" width=\"1391\" height=\"756\" srcset=\"https:\/\/nuevofontibon.com\/wp-content\/uploads\/2024\/01\/posesion-jal-2024.jpeg 1391w, https:\/\/nuevofontibon.com\/wp-content\/uploads\/2024\/01\/posesion-jal-2024-300x163.jpeg 300w, https:\/\/nuevofontibon.com\/wp-content\/uploads\/2024\/01\/posesion-jal-2024-1024x557.jpeg 1024w, https:\/\/nuevofontibon.com\/wp-content\/uploads\/2024\/01\/posesion-jal-2024-768x417.jpeg 768w, https:\/\/nuevofontibon.com\/wp-content\/uploads\/2024\/01\/posesion-jal-2024-696x378.jpeg 696w, https:\/\/nuevofontibon.com\/wp-content\/uploads\/2024\/01\/posesion-jal-2024-1068x580.jpeg 1068w, https:\/\/nuevofontibon.com\/wp-content\/uploads\/2024\/01\/posesion-jal-2024-773x420.jpeg 773w\" sizes=\"auto, (max-width: 1391px) 100vw, 1391px\" \/><\/p>\n<p>En la foto, de izquierda a derecha los nuevos ediles: Diana Irene S\u00e1nchez Mantilla (Partido Verde); V\u00edctor Lorenzo Mosquera (CD); Javier Ricardo Acero L\u00f3pez (Liberal); Cristian David Rojas Vel\u00e1zquez (Nuevo Liberalismo); Blanca Nidia Castro Herrera (Nuevo Liberalismo); Nilson Farid Guti\u00e9rrez Garz\u00f3n (Partido Verde); Eduardo G\u00f3mez Ru\u00edz (Liberal); Gerardo Montero Dosa (Pacto); el alcalde saliente, Diego Maldonado y Andry Mayerli Lozano Toro (CR-Mira).<\/p>\n<p>Provisionalmente, fue elegido como presidente el edil Gerardo Montero y como Vicepresidente, la edil Andry Mayerli Lozano. La Corporaci\u00f3n regresar\u00e1 a sesiones a partir del 15 de enero, una vez sean convocados a extraordinarias para abordar los temas de impulsar el proceso de escogencia del nuevo alcalde o alcaldesa local, entre otros temas.<\/p>\n<p>&nbsp;<\/p>\n<p>&nbsp;<\/p>\n<p>&nbsp;<\/p>\n<p>&nbsp;<\/p>\n","protected":false},"excerpt":{"rendered":"<p>El nuevo Secretario de Gobierno de Bogot\u00e1, Gustavo Quintero, inici\u00f3 las reuniones de empalme con los actuales alcaldes locales, donde se abordaron temas relacionados con las acciones realizadas a la fecha, los principales logros y los retos de este a\u00f1o que inicia. Como es sabido, en los primeros d\u00edas del mes de enero se van [&hellip;]<\/p>\n","protected":false},"author":1,"featured_media":2946,"comment_status":"closed","ping_status":"closed","sticky":false,"template":"","format":"standard","meta":{"footnotes":""},"categories":[5],"tags":[54,74,102,116,114,138,213,274,126,45,34,275,32,43,91,143,94],"class_list":["post-2944","post","type-post","status-publish","format-standard","has-post-thumbnail","hentry","category-localidad","tag-aeropuerto","tag-alcaldelocal","tag-alcaldelocalfontibon","tag-ambiente","tag-bogota-medioambiente","tag-bogotasolidaria","tag-calle13","tag-carlosfernandogalan","tag-concejodebogota","tag-edil","tag-fontibon","tag-galanalcalde","tag-hayuelos","tag-jal","tag-juntascomunales","tag-medioscomunitarios","tag-participacionbogota"],"_links":{"self":[{"href":"https:\/\/nuevofontibon.com\/index.php?rest_route=\/wp\/v2\/posts\/2944","targetHints":{"allow":["GET"]}}],"collection":[{"href":"https:\/\/nuevofontibon.com\/index.php?rest_route=\/wp\/v2\/posts"}],"about":[{"href":"https:\/\/nuevofontibon.com\/index.php?rest_route=\/wp\/v2\/types\/post"}],"author":[{"embeddable":true,"href":"https:\/\/nuevofontibon.com\/index.php?rest_route=\/wp\/v2\/users\/1"}],"replies":[{"embeddable":true,"href":"https:\/\/nuevofontibon.com\/index.php?rest_route=%2Fwp%2Fv2%2Fcomments&post=2944"}],"version-history":[{"count":0,"href":"https:\/\/nuevofontibon.com\/index.php?rest_route=\/wp\/v2\/posts\/2944\/revisions"}],"wp:featuredmedia":[{"embeddable":true,"href":"https:\/\/nuevofontibon.com\/index.php?rest_route=\/wp\/v2\/media\/2946"}],"wp:attachment":[{"href":"https:\/\/nuevofontibon.com\/index.php?rest_route=%2Fwp%2Fv2%2Fmedia&parent=2944"}],"wp:term":[{"taxonomy":"category","embeddable":true,"href":"https:\/\/nuevofontibon.com\/index.php?rest_route=%2Fwp%2Fv2%2Fcategories&post=2944"},{"taxonomy":"post_tag","embeddable":true,"href":"https:\/\/nuevofontibon.com\/index.php?rest_route=%2Fwp%2Fv2%2Ftags&post=2944"}],"curies":[{"name":"wp","href":"https:\/\/api.w.org\/{rel}","templated":true}]}}