{"id":2861,"date":"2023-07-09T19:58:26","date_gmt":"2023-07-10T00:58:26","guid":{"rendered":"https:\/\/nuevofontibon.com\/?p=2861"},"modified":"2023-07-09T20:22:06","modified_gmt":"2023-07-10T01:22:06","slug":"nilson-gutierrez-mayor-votacion-en-la-consulta-verde-a-la-jal-de-fontibon","status":"publish","type":"post","link":"https:\/\/nuevofontibon.com\/?p=2861","title":{"rendered":"Nilson Guti\u00e9rrez, mayor votaci\u00f3n en la consulta Verde a la JAL de Fontib\u00f3n"},"content":{"rendered":"<p>Una sorpresiva y amplia votaci\u00f3n se present\u00f3 en la Consulta del Partido Verde, realizada en la Localidad de Fontib\u00f3n.<\/p>\n<p><img loading=\"lazy\" decoding=\"async\" class=\"aligncenter size-full wp-image-2862\" src=\"https:\/\/nuevofontibon.com\/wp-content\/uploads\/2023\/07\/9-julio-CONSULTA-VERDE.png\" alt=\"\" width=\"864\" height=\"454\" srcset=\"https:\/\/nuevofontibon.com\/wp-content\/uploads\/2023\/07\/9-julio-CONSULTA-VERDE.png 864w, https:\/\/nuevofontibon.com\/wp-content\/uploads\/2023\/07\/9-julio-CONSULTA-VERDE-300x158.png 300w, https:\/\/nuevofontibon.com\/wp-content\/uploads\/2023\/07\/9-julio-CONSULTA-VERDE-768x404.png 768w, https:\/\/nuevofontibon.com\/wp-content\/uploads\/2023\/07\/9-julio-CONSULTA-VERDE-696x366.png 696w, https:\/\/nuevofontibon.com\/wp-content\/uploads\/2023\/07\/9-julio-CONSULTA-VERDE-799x420.png 799w\" sizes=\"auto, (max-width: 864px) 100vw, 864px\" \/><\/p>\n<p>Con un total de 9.247 sufragios depositados, los fontibonenses concurrieron a las urnas para elegir quienes ser\u00e1n los candidatos por ese partido a la Junta Administradora Local.<\/p>\n<p>Se debe tener en cuenta, que el Partido Verde actualmente, tiene 2 edilesas y un edil, por lo tanto s\u00f3lo tendr\u00edan para escoger una mujer y 5 hombres con las m\u00e1s altas votaciones.<\/p>\n<p>Tambi\u00e9n se debe aclarar que se dice en los mentideros pol\u00edticos, que Andrea Castro Latorre, no se volver\u00e1 a postular, as\u00ed como su colega Juli\u00e1n Triana.<\/p>\n<p>As\u00ed las cosas, se contar\u00eda con un cupo m\u00e1s por las mujeres y los 6 hombres(por la Ley de cuotas).<\/p>\n<p>Culminado el conteo, Nelson <strong>Faric Guti\u00e9rrez Garz\u00f3n<\/strong>, logr\u00f3 la m\u00e1s amplia votaci\u00f3n con 1439 votos, seguido por <strong>Diego Gonz\u00e1lez<\/strong> con 988, <strong>Sandra Castiblanco<\/strong> con 882, <strong>Paulina Pastrana<\/strong> con 755 (entrar\u00edan las dos), <strong>Sebasti\u00e1n Ubaque<\/strong> 716 votos (la vez pasada perdi\u00f3 la curul en la Registradur\u00eda), <strong>Alejandro Torres<\/strong> 676 votos, Claudia Patricia Villamizar , 593 votos; Karina Guzm\u00e1n, 496 votos, Ingrid Buitrago, 404 votos; Roc\u00edo Mart\u00ednez, 389 votos; Lina Mar\u00eda Gonz\u00e1lez, 322 votos; Nicoll Burgos, 260 votos; <strong>Gabriel Ignacio Espitia<\/strong> con 245 votos; <strong>Alvaro Yesid Gonz\u00e1lez<\/strong>, 218 votos. (los resaltados en negrilla, conformar\u00e1n la lista de acuerdo al resultado).<\/p>\n<p><strong>QUIEN ES NILSON GUTI\u00c9RREZ, EL M\u00c1S VOTADO<\/strong><\/p>\n<p><img loading=\"lazy\" decoding=\"async\" class=\"aligncenter size-full wp-image-2863\" src=\"https:\/\/nuevofontibon.com\/wp-content\/uploads\/2023\/07\/FOTO-NILSON.png\" alt=\"\" width=\"860\" height=\"589\" srcset=\"https:\/\/nuevofontibon.com\/wp-content\/uploads\/2023\/07\/FOTO-NILSON.png 860w, https:\/\/nuevofontibon.com\/wp-content\/uploads\/2023\/07\/FOTO-NILSON-300x205.png 300w, https:\/\/nuevofontibon.com\/wp-content\/uploads\/2023\/07\/FOTO-NILSON-768x526.png 768w, https:\/\/nuevofontibon.com\/wp-content\/uploads\/2023\/07\/FOTO-NILSON-218x150.png 218w, https:\/\/nuevofontibon.com\/wp-content\/uploads\/2023\/07\/FOTO-NILSON-696x477.png 696w, https:\/\/nuevofontibon.com\/wp-content\/uploads\/2023\/07\/FOTO-NILSON-613x420.png 613w\" sizes=\"auto, (max-width: 860px) 100vw, 860px\" \/><\/p>\n<p>Nilson es un l\u00edder de la localidad, convencido de aportar por el mejoramiento de los diferentes problemas que se presentan. Desde que un grupo de amigos postul\u00f3 su nombre, no dud\u00f3 en apropiarse de la misi\u00f3n, recorriendo las calles, los barrios, los l\u00edderes y sobre todo, llevando soluciones con los recursos que cuenta.<\/p>\n<p>Es un hombre t\u00edmido, con una historia de vida incre\u00edble por lo vivido con su peque\u00f1o hijo en condici\u00f3n de discapacidad a quien ama con todo el coraz\u00f3n.<\/p>\n<p>Con la vida de Nilson, se podr\u00eda hacer un libro, de la responsabilidad y entrega por sacar adelante a un hijo en condici\u00f3n de discapacidad. Una verdadera historia de amor.<\/p>\n<p><strong>RESULTADOS TOTALES DE LA VOTACION:<\/strong><\/p>\n<p><img loading=\"lazy\" decoding=\"async\" class=\"aligncenter size-full wp-image-2865\" src=\"https:\/\/nuevofontibon.com\/wp-content\/uploads\/2023\/07\/CONSOLIDADO.jpg\" alt=\"\" width=\"1080\" height=\"1598\" srcset=\"https:\/\/nuevofontibon.com\/wp-content\/uploads\/2023\/07\/CONSOLIDADO.jpg 1080w, https:\/\/nuevofontibon.com\/wp-content\/uploads\/2023\/07\/CONSOLIDADO-203x300.jpg 203w, https:\/\/nuevofontibon.com\/wp-content\/uploads\/2023\/07\/CONSOLIDADO-692x1024.jpg 692w, https:\/\/nuevofontibon.com\/wp-content\/uploads\/2023\/07\/CONSOLIDADO-768x1136.jpg 768w, https:\/\/nuevofontibon.com\/wp-content\/uploads\/2023\/07\/CONSOLIDADO-1038x1536.jpg 1038w, https:\/\/nuevofontibon.com\/wp-content\/uploads\/2023\/07\/CONSOLIDADO-696x1030.jpg 696w, https:\/\/nuevofontibon.com\/wp-content\/uploads\/2023\/07\/CONSOLIDADO-1068x1580.jpg 1068w, https:\/\/nuevofontibon.com\/wp-content\/uploads\/2023\/07\/CONSOLIDADO-284x420.jpg 284w\" sizes=\"auto, (max-width: 1080px) 100vw, 1080px\" \/><\/p>\n","protected":false},"excerpt":{"rendered":"<p>Una sorpresiva y amplia votaci\u00f3n se present\u00f3 en la Consulta del Partido Verde, realizada en la Localidad de Fontib\u00f3n. Con un total de 9.247 sufragios depositados, los fontibonenses concurrieron a las urnas para elegir quienes ser\u00e1n los candidatos por ese partido a la Junta Administradora Local. Se debe tener en cuenta, que el Partido Verde [&hellip;]<\/p>\n","protected":false},"author":1,"featured_media":2863,"comment_status":"closed","ping_status":"closed","sticky":false,"template":"","format":"standard","meta":{"footnotes":""},"categories":[5],"tags":[54,74,102,40,213,62,126,83,46,34,43,91,143,210],"class_list":["post-2861","post","type-post","status-publish","format-standard","has-post-thumbnail","hentry","category-localidad","tag-aeropuerto","tag-alcaldelocal","tag-alcaldelocalfontibon","tag-bogota","tag-calle13","tag-claudialopez","tag-concejodebogota","tag-corrupcion","tag-elecciones","tag-fontibon","tag-jal","tag-juntascomunales","tag-medioscomunitarios","tag-movilidad"],"_links":{"self":[{"href":"https:\/\/nuevofontibon.com\/index.php?rest_route=\/wp\/v2\/posts\/2861","targetHints":{"allow":["GET"]}}],"collection":[{"href":"https:\/\/nuevofontibon.com\/index.php?rest_route=\/wp\/v2\/posts"}],"about":[{"href":"https:\/\/nuevofontibon.com\/index.php?rest_route=\/wp\/v2\/types\/post"}],"author":[{"embeddable":true,"href":"https:\/\/nuevofontibon.com\/index.php?rest_route=\/wp\/v2\/users\/1"}],"replies":[{"embeddable":true,"href":"https:\/\/nuevofontibon.com\/index.php?rest_route=%2Fwp%2Fv2%2Fcomments&post=2861"}],"version-history":[{"count":0,"href":"https:\/\/nuevofontibon.com\/index.php?rest_route=\/wp\/v2\/posts\/2861\/revisions"}],"wp:featuredmedia":[{"embeddable":true,"href":"https:\/\/nuevofontibon.com\/index.php?rest_route=\/wp\/v2\/media\/2863"}],"wp:attachment":[{"href":"https:\/\/nuevofontibon.com\/index.php?rest_route=%2Fwp%2Fv2%2Fmedia&parent=2861"}],"wp:term":[{"taxonomy":"category","embeddable":true,"href":"https:\/\/nuevofontibon.com\/index.php?rest_route=%2Fwp%2Fv2%2Fcategories&post=2861"},{"taxonomy":"post_tag","embeddable":true,"href":"https:\/\/nuevofontibon.com\/index.php?rest_route=%2Fwp%2Fv2%2Ftags&post=2861"}],"curies":[{"name":"wp","href":"https:\/\/api.w.org\/{rel}","templated":true}]}}