{"id":2576,"date":"2023-01-06T10:08:45","date_gmt":"2023-01-06T15:08:45","guid":{"rendered":"https:\/\/nuevofontibon.com\/?p=2576"},"modified":"2023-01-06T10:09:47","modified_gmt":"2023-01-06T15:09:47","slug":"otra-vez-modifican-pico-y-placa-en-bogota-de-que-se-trata","status":"publish","type":"post","link":"https:\/\/nuevofontibon.com\/?p=2576","title":{"rendered":"Otra vez modifican pico y placa en Bogot\u00e1 \u00bfDe qu\u00e9 se trata?"},"content":{"rendered":"<p>Otra vez la Secretar\u00eda de Movilidad de Bogot\u00e1, dio a conocer las nuevas modificaciones que tendr\u00e1 el pico y placa en la ciudad. Inicialmente, se hab\u00eda establecido que en abril la Secretar\u00eda de Movilidad iba a volver a rotar los n\u00fameros de placa, pero ya no ser\u00e1 as\u00ed.<\/p>\n<figure id=\"attachment_2577\" aria-describedby=\"caption-attachment-2577\" style=\"width: 1280px\" class=\"wp-caption alignnone\"><img loading=\"lazy\" decoding=\"async\" class=\"wp-image-2577 size-full\" src=\"https:\/\/nuevofontibon.com\/wp-content\/uploads\/2023\/01\/secretaria-de-movilidad.jpg\" alt=\"\" width=\"1280\" height=\"720\" srcset=\"https:\/\/nuevofontibon.com\/wp-content\/uploads\/2023\/01\/secretaria-de-movilidad.jpg 1280w, https:\/\/nuevofontibon.com\/wp-content\/uploads\/2023\/01\/secretaria-de-movilidad-300x169.jpg 300w, https:\/\/nuevofontibon.com\/wp-content\/uploads\/2023\/01\/secretaria-de-movilidad-1024x576.jpg 1024w, https:\/\/nuevofontibon.com\/wp-content\/uploads\/2023\/01\/secretaria-de-movilidad-768x432.jpg 768w, https:\/\/nuevofontibon.com\/wp-content\/uploads\/2023\/01\/secretaria-de-movilidad-696x392.jpg 696w, https:\/\/nuevofontibon.com\/wp-content\/uploads\/2023\/01\/secretaria-de-movilidad-1068x601.jpg 1068w, https:\/\/nuevofontibon.com\/wp-content\/uploads\/2023\/01\/secretaria-de-movilidad-747x420.jpg 747w\" sizes=\"auto, (max-width: 1280px) 100vw, 1280px\" \/><figcaption id=\"caption-attachment-2577\" class=\"wp-caption-text\">Deyanira \u00c1vila, Secretaria de Movilidad de Bogot\u00e1.<\/figcaption><\/figure>\n<p class=\"section sp-8\">En diciembre pasado, la Secretar\u00eda Distrital de Movilidad anunci\u00f3 cambios importantes para la medida del pico y placa en Bogot\u00e1 a partir del 10 de enero de este 2023, ahora se conoci\u00f3 un reversazo de la administraci\u00f3n distrital en la materia, toda vez que la restricci\u00f3n no cambiar\u00e1 cada cuatro meses como se hab\u00eda planteado inicialmente.<\/p>\n<p class=\"section sp-8\">En un principio, la Secretar\u00eda de Movilidad hab\u00eda dado a conocer que el pico y placa se iba a modificar desde el 10 de enero de 2023 de la siguiente manera:\u00a0<b>las placas terminadas en 1 &#8211; 2 &#8211; 3 &#8211; 4 &#8211; 5 circular\u00e1n en d\u00edas impares, mientras que 6 &#8211; 7 &#8211; 8 &#8211; 9 &#8211; 0 podr\u00e1n movilizarse los d\u00edas pares.<\/b><\/p>\n<p>Seg\u00fan qued\u00f3 establecido en el decreto que adopta los cambios para el pico y placa en Bogot\u00e1, <strong>ya no se rotar\u00e1n las placas cada cuatro meses<\/strong>, sin embargo, la Secretar\u00eda de Movilidad tendr\u00e1 la potestad de anunciar cambios en la distribuci\u00f3n, siempre y cuando se haga con anuncio previo de diez d\u00edas para que la ciudadan\u00eda as\u00ed lo conozca con anticipaci\u00f3n.<\/p>\n<p class=\"section sp-8\">\u201cLa Administraci\u00f3n Distrital peri\u00f3dicamente y de acuerdo a los estudios que elabore la Secretar\u00eda Distrital de Movilidad podr\u00e1 establecer la rotaci\u00f3n aplicable para la restricci\u00f3n de circulaci\u00f3n. En este caso, el referido acto administrativo, deber\u00e1 ser publicado con m\u00ednimo 10 d\u00edas calendario de antelaci\u00f3n a la entrada en vigencia del cambio, para su correcta divulgaci\u00f3n y apropiaci\u00f3n por parte de la ciudadan\u00eda\u201d, establece el decreto.<\/p>\n<p class=\"section sp-8\"><b>Lo que s\u00ed no cambia es el horario del pico y placa, el cual seguir\u00e1 siendo extendido, desde las 6:00 de la ma\u00f1ana hasta las 9:00 de la noche y aplicar\u00e1 de lunes a viernes.<\/b><\/p>\n<p class=\"section sp-8\">Vale mencionar que ya hab\u00eda programadas varias protestas en la capital del pa\u00eds para la pr\u00f3xima semana en rechazo a los cambios que la Secretar\u00eda de Movilidad hab\u00eda anunciado para el pico y placa en la ciudad, por lo que no se descarta que el reversazo de la entidad est\u00e9 relacionado con estas inconformidades de la ciudadan\u00eda.<\/p>\n<p class=\"section sp-8\">El motivo principal del grupo de personas para convocar a las protestas radica en los cambios en el pico y placa, los cuales los consideraban inviables. Adicionalmente,<b>\u00a0indicaron que el pago de pico y placa solidario resulta ser una soluci\u00f3n costosa, a la cual ellos no pueden socorrer.<\/b><\/p>\n","protected":false},"excerpt":{"rendered":"<p>Otra vez la Secretar\u00eda de Movilidad de Bogot\u00e1, dio a conocer las nuevas modificaciones que tendr\u00e1 el pico y placa en la ciudad. Inicialmente, se hab\u00eda establecido que en abril la Secretar\u00eda de Movilidad iba a volver a rotar los n\u00fameros de placa, pero ya no ser\u00e1 as\u00ed. En diciembre pasado, la Secretar\u00eda Distrital de [&hellip;]<\/p>\n","protected":false},"author":1,"featured_media":2577,"comment_status":"closed","ping_status":"closed","sticky":false,"template":"","format":"standard","meta":{"footnotes":""},"categories":[4,5],"tags":[38,147,54,74,102,116,155,40,138,213,62,126,171,46,43,91,143,71,210,94,181],"class_list":["post-2576","post","type-post","status-publish","format-standard","has-post-thumbnail","hentry","category-bogota","category-localidad","tag-acueducto","tag-aerocivil","tag-aeropuerto","tag-alcaldelocal","tag-alcaldelocalfontibon","tag-ambiente","tag-ayudas","tag-bogota","tag-bogotasolidaria","tag-calle13","tag-claudialopez","tag-concejodebogota","tag-contraloria","tag-elecciones","tag-jal","tag-juntascomunales","tag-medioscomunitarios","tag-metrobogota","tag-movilidad","tag-participacionbogota","tag-veeduria"],"_links":{"self":[{"href":"https:\/\/nuevofontibon.com\/index.php?rest_route=\/wp\/v2\/posts\/2576","targetHints":{"allow":["GET"]}}],"collection":[{"href":"https:\/\/nuevofontibon.com\/index.php?rest_route=\/wp\/v2\/posts"}],"about":[{"href":"https:\/\/nuevofontibon.com\/index.php?rest_route=\/wp\/v2\/types\/post"}],"author":[{"embeddable":true,"href":"https:\/\/nuevofontibon.com\/index.php?rest_route=\/wp\/v2\/users\/1"}],"replies":[{"embeddable":true,"href":"https:\/\/nuevofontibon.com\/index.php?rest_route=%2Fwp%2Fv2%2Fcomments&post=2576"}],"version-history":[{"count":0,"href":"https:\/\/nuevofontibon.com\/index.php?rest_route=\/wp\/v2\/posts\/2576\/revisions"}],"wp:featuredmedia":[{"embeddable":true,"href":"https:\/\/nuevofontibon.com\/index.php?rest_route=\/wp\/v2\/media\/2577"}],"wp:attachment":[{"href":"https:\/\/nuevofontibon.com\/index.php?rest_route=%2Fwp%2Fv2%2Fmedia&parent=2576"}],"wp:term":[{"taxonomy":"category","embeddable":true,"href":"https:\/\/nuevofontibon.com\/index.php?rest_route=%2Fwp%2Fv2%2Fcategories&post=2576"},{"taxonomy":"post_tag","embeddable":true,"href":"https:\/\/nuevofontibon.com\/index.php?rest_route=%2Fwp%2Fv2%2Ftags&post=2576"}],"curies":[{"name":"wp","href":"https:\/\/api.w.org\/{rel}","templated":true}]}}