{"id":2325,"date":"2022-09-30T19:47:39","date_gmt":"2022-10-01T00:47:39","guid":{"rendered":"https:\/\/nuevofontibon.com\/?p=2325"},"modified":"2022-10-07T06:50:57","modified_gmt":"2022-10-07T11:50:57","slug":"asumio-diego-a-maldonado-como-nuevo-alcalde-de-fontibon","status":"publish","type":"post","link":"https:\/\/nuevofontibon.com\/?p=2325","title":{"rendered":"Asumi\u00f3 Diego Maldonado como nuevo Alcalde de Fontib\u00f3n (e)"},"content":{"rendered":"<p>En un sencillo acto realizado el 30 de septiembre de 2022, asumi\u00f3 como nuevo alcalde encargado de Fontib\u00f3n, el j\u00f3ven dirigente <strong>Diego Alejandro Maldonado Rold\u00e1n,<\/strong>\u00a0<a href=\"https:\/\/nuevofontibon.com\/?p=2319\">tal como anticip\u00f3 este medio.<\/a><\/p>\n<figure id=\"attachment_2327\" aria-describedby=\"caption-attachment-2327\" style=\"width: 1280px\" class=\"wp-caption alignnone\"><img loading=\"lazy\" decoding=\"async\" class=\"wp-image-2327 size-full\" src=\"https:\/\/nuevofontibon.com\/wp-content\/uploads\/2022\/09\/2.jpeg\" alt=\"\" width=\"1280\" height=\"853\" srcset=\"https:\/\/nuevofontibon.com\/wp-content\/uploads\/2022\/09\/2.jpeg 1280w, https:\/\/nuevofontibon.com\/wp-content\/uploads\/2022\/09\/2-300x200.jpeg 300w, https:\/\/nuevofontibon.com\/wp-content\/uploads\/2022\/09\/2-1024x682.jpeg 1024w, https:\/\/nuevofontibon.com\/wp-content\/uploads\/2022\/09\/2-768x512.jpeg 768w, https:\/\/nuevofontibon.com\/wp-content\/uploads\/2022\/09\/2-696x464.jpeg 696w, https:\/\/nuevofontibon.com\/wp-content\/uploads\/2022\/09\/2-1068x712.jpeg 1068w, https:\/\/nuevofontibon.com\/wp-content\/uploads\/2022\/09\/2-630x420.jpeg 630w\" sizes=\"auto, (max-width: 1280px) 100vw, 1280px\" \/><figcaption id=\"caption-attachment-2327\" class=\"wp-caption-text\">Diego Alejandro Maldonado Rold\u00e1n, nuevo Alcalde (e) de Fontib\u00f3n.<\/figcaption><\/figure>\n<p>El hecho se da tras la renuncia de <a href=\"https:\/\/nuevofontibon.com\/?p=2310\">Anderson Acosta T\u00e9llez,<\/a> seg\u00fan algunas fuentes para buscar un cupo en el Concejo de Bogot\u00e1.<\/p>\n<p>Diego Maldonado, es una cara muy conocida para los habitantes de Fontib\u00f3n, como quiera que ha abanderado diferentes procesos en la Localidad, la conoce, reside y trabajar\u00e1 por ella.<\/p>\n<p>Con la llegada de Diego Maldonado se espera el trabajo constante con las comunidades y organizaciones sociales de la Localidad.<\/p>\n<p>&#8220;Llegamos a trabajar ya, no hay tiempo que perder&#8221; fueron las primeras palabras del Alcalde al sentarse frente al escritorio de su oficina, donde le esperan largas jornadas.<\/p>\n<figure id=\"attachment_2328\" aria-describedby=\"caption-attachment-2328\" style=\"width: 1191px\" class=\"wp-caption alignnone\"><img loading=\"lazy\" decoding=\"async\" class=\"wp-image-2328 size-full\" src=\"https:\/\/nuevofontibon.com\/wp-content\/uploads\/2022\/09\/3.jpg\" alt=\"\" width=\"1191\" height=\"911\" srcset=\"https:\/\/nuevofontibon.com\/wp-content\/uploads\/2022\/09\/3.jpg 1191w, https:\/\/nuevofontibon.com\/wp-content\/uploads\/2022\/09\/3-300x229.jpg 300w, https:\/\/nuevofontibon.com\/wp-content\/uploads\/2022\/09\/3-1024x783.jpg 1024w, https:\/\/nuevofontibon.com\/wp-content\/uploads\/2022\/09\/3-768x587.jpg 768w, https:\/\/nuevofontibon.com\/wp-content\/uploads\/2022\/09\/3-80x60.jpg 80w, https:\/\/nuevofontibon.com\/wp-content\/uploads\/2022\/09\/3-696x532.jpg 696w, https:\/\/nuevofontibon.com\/wp-content\/uploads\/2022\/09\/3-1068x817.jpg 1068w, https:\/\/nuevofontibon.com\/wp-content\/uploads\/2022\/09\/3-549x420.jpg 549w\" sizes=\"auto, (max-width: 1191px) 100vw, 1191px\" \/><figcaption id=\"caption-attachment-2328\" class=\"wp-caption-text\">Momento de la firma de Diego Maldonado como Alcalde Local (e) de Fontib\u00f3n<\/figcaption><\/figure>\n<p>Escr\u00edbanos a radiofontibonfm@gmail.com<\/p>\n","protected":false},"excerpt":{"rendered":"<p>En un sencillo acto realizado el 30 de septiembre de 2022, asumi\u00f3 como nuevo alcalde encargado de Fontib\u00f3n, el j\u00f3ven dirigente Diego Alejandro Maldonado Rold\u00e1n,\u00a0tal como anticip\u00f3 este medio. El hecho se da tras la renuncia de Anderson Acosta T\u00e9llez, seg\u00fan algunas fuentes para buscar un cupo en el Concejo de Bogot\u00e1. Diego Maldonado, es [&hellip;]<\/p>\n","protected":false},"author":1,"featured_media":2328,"comment_status":"closed","ping_status":"closed","sticky":false,"template":"","format":"standard","meta":{"footnotes":""},"categories":[5],"tags":[54,74,102,155,40,114,138,213,98,62,171,83,45,46,84,34,103,91,143,119,94,80],"class_list":["post-2325","post","type-post","status-publish","format-standard","has-post-thumbnail","hentry","category-localidad","tag-aeropuerto","tag-alcaldelocal","tag-alcaldelocalfontibon","tag-ayudas","tag-bogota","tag-bogota-medioambiente","tag-bogotasolidaria","tag-calle13","tag-claudia-lopez","tag-claudialopez","tag-contraloria","tag-corrupcion","tag-edil","tag-elecciones","tag-encuentrosciudadanos","tag-fontibon","tag-fontibon-alcaldelocal","tag-juntascomunales","tag-medioscomunitarios","tag-participacion","tag-participacionbogota","tag-policia"],"_links":{"self":[{"href":"https:\/\/nuevofontibon.com\/index.php?rest_route=\/wp\/v2\/posts\/2325","targetHints":{"allow":["GET"]}}],"collection":[{"href":"https:\/\/nuevofontibon.com\/index.php?rest_route=\/wp\/v2\/posts"}],"about":[{"href":"https:\/\/nuevofontibon.com\/index.php?rest_route=\/wp\/v2\/types\/post"}],"author":[{"embeddable":true,"href":"https:\/\/nuevofontibon.com\/index.php?rest_route=\/wp\/v2\/users\/1"}],"replies":[{"embeddable":true,"href":"https:\/\/nuevofontibon.com\/index.php?rest_route=%2Fwp%2Fv2%2Fcomments&post=2325"}],"version-history":[{"count":0,"href":"https:\/\/nuevofontibon.com\/index.php?rest_route=\/wp\/v2\/posts\/2325\/revisions"}],"wp:featuredmedia":[{"embeddable":true,"href":"https:\/\/nuevofontibon.com\/index.php?rest_route=\/wp\/v2\/media\/2328"}],"wp:attachment":[{"href":"https:\/\/nuevofontibon.com\/index.php?rest_route=%2Fwp%2Fv2%2Fmedia&parent=2325"}],"wp:term":[{"taxonomy":"category","embeddable":true,"href":"https:\/\/nuevofontibon.com\/index.php?rest_route=%2Fwp%2Fv2%2Fcategories&post=2325"},{"taxonomy":"post_tag","embeddable":true,"href":"https:\/\/nuevofontibon.com\/index.php?rest_route=%2Fwp%2Fv2%2Ftags&post=2325"}],"curies":[{"name":"wp","href":"https:\/\/api.w.org\/{rel}","templated":true}]}}