{"id":2310,"date":"2022-09-21T16:05:00","date_gmt":"2022-09-21T21:05:00","guid":{"rendered":"https:\/\/nuevofontibon.com\/?p=2310"},"modified":"2022-09-21T16:13:48","modified_gmt":"2022-09-21T21:13:48","slug":"fontibon-otra-vez-sin-alcalde-local-renuncio-anderson-acosta","status":"publish","type":"post","link":"https:\/\/nuevofontibon.com\/?p=2310","title":{"rendered":"Fontib\u00f3n otra vez sin Alcalde Local: renunci\u00f3 Anderson Acosta Torres"},"content":{"rendered":"<figure id=\"attachment_2311\" aria-describedby=\"caption-attachment-2311\" style=\"width: 640px\" class=\"wp-caption alignnone\"><img loading=\"lazy\" decoding=\"async\" class=\"wp-image-2311 size-full\" src=\"https:\/\/nuevofontibon.com\/wp-content\/uploads\/2022\/09\/anderson-acosta1.jpg\" alt=\"\" width=\"640\" height=\"426\" srcset=\"https:\/\/nuevofontibon.com\/wp-content\/uploads\/2022\/09\/anderson-acosta1.jpg 640w, https:\/\/nuevofontibon.com\/wp-content\/uploads\/2022\/09\/anderson-acosta1-300x200.jpg 300w, https:\/\/nuevofontibon.com\/wp-content\/uploads\/2022\/09\/anderson-acosta1-631x420.jpg 631w\" sizes=\"auto, (max-width: 640px) 100vw, 640px\" \/><figcaption id=\"caption-attachment-2311\" class=\"wp-caption-text\">El alcalde de Fontib\u00f3n, Anderson Acosta, present\u00f3 su renuncia e ir\u00e1 hasta el 30 de septiembre.<\/figcaption><\/figure>\n<p>Un a\u00f1o larguito dur\u00f3 el encargo de Claudia L\u00f3pez a Anderson Acosta, al frente de la Administraci\u00f3n Local de Fontib\u00f3n.<\/p>\n<p><strong>Fontib\u00f3n FM Radio<\/strong>, de manera exclusiva, conoci\u00f3 que en las \u00faltimas horas el mandatario present\u00f3 su <strong>carta de renuncia<\/strong> ante la alcaldesa Claudia L\u00f3pez y que esta ser\u00e1 efectiva a partir del 30 de septiembre del presente a\u00f1o.<\/p>\n<p>Acosta Torres, es Administrador P\u00fablico de la ESAP, y Magister en Gobierno y pol\u00edticas P\u00fablicas de la Universidad Externado de Colombia.<\/p>\n<p>El joven administrador, lleg\u00f3 luego de haber estado encargado de la Localidad Cuarta de San Crist\u00f3bal, durante la pandemia que se vivi\u00f3 entre 2019 y 2020 y ante la dimisi\u00f3n de Carlos Losada Carvalho, ternado por los ediles de Fontib\u00f3n y escogido por Claudia L\u00f3pez.<\/p>\n<p><strong>GESTION<\/strong><\/p>\n<figure id=\"attachment_2312\" aria-describedby=\"caption-attachment-2312\" style=\"width: 960px\" class=\"wp-caption alignnone\"><img loading=\"lazy\" decoding=\"async\" class=\"wp-image-2312 size-full\" src=\"https:\/\/nuevofontibon.com\/wp-content\/uploads\/2022\/09\/anderson-acosta.jpg\" alt=\"\" width=\"960\" height=\"826\" srcset=\"https:\/\/nuevofontibon.com\/wp-content\/uploads\/2022\/09\/anderson-acosta.jpg 960w, https:\/\/nuevofontibon.com\/wp-content\/uploads\/2022\/09\/anderson-acosta-300x258.jpg 300w, https:\/\/nuevofontibon.com\/wp-content\/uploads\/2022\/09\/anderson-acosta-768x661.jpg 768w, https:\/\/nuevofontibon.com\/wp-content\/uploads\/2022\/09\/anderson-acosta-696x599.jpg 696w, https:\/\/nuevofontibon.com\/wp-content\/uploads\/2022\/09\/anderson-acosta-488x420.jpg 488w\" sizes=\"auto, (max-width: 960px) 100vw, 960px\" \/><figcaption id=\"caption-attachment-2312\" class=\"wp-caption-text\">El dimitente alcalde, se presentar\u00eda como candidato al Concejo de Bogot\u00e1.<\/figcaption><\/figure>\n<p>Anderson Acosta, desde su llegada, trat\u00f3 de imprimir un nuevo ritmo de trabajo en la Alcald\u00eda, procur\u00f3 poner al d\u00eda el atraso en la baja ejecuci\u00f3n en que la dej\u00f3 Losada Carvalho.<\/p>\n<p>El alcalde encargado, fue muy criticado por no interactuar con las organizaciones sociales y por s\u00f3lo dirigirse a la comunidad a trav\u00e9s de redes sociales.<\/p>\n<p>Es decir, que la mayor\u00eda de habitantes que no tienen redes sociales, no se enteraron de las acciones, decisiones y ejecuciones del alcalde encargado.<\/p>\n<p>Otras voces manifestaron su malestar, precisamente porque Acosta Torres llev\u00f3 como contratistas a muchas personas de la Localidad de San Crist\u00f3bal, donde se hab\u00eda desempe\u00f1ado anteriormente.<\/p>\n<p><strong>PINTURITA<\/strong><\/p>\n<p>El alcalde encargado, sali\u00f3 algunas veces con sus colaboradores a varios parques de la Localidad, brocha en mano a cambiar y mejorar el aspecto de esos espacios p\u00fablicos, por lo que algunos ciudadanos lo empezaron a reconocer as\u00ed.<\/p>\n<p>Otras personas se quejaron porque el alcalde no informaba que parque se iba a intervenir en ese proceso y poco o nada vinculaban a los residentes m\u00e1s cercanos, causando molestias, porque en varios casos se requer\u00eda m\u00e1s que pinturita, como cemento y resanes para cambiar el aspecto\u2026<\/p>\n<p><strong>FUTURO<\/strong><\/p>\n<p>Seg\u00fan se afirma en los mentideros pol\u00edticos locales, Acosta Torres se retira para presentarse al Concejo de Bogot\u00e1, como candidato del partido Centro Democr\u00e1tico en las elecciones que se realizar\u00e1n el pr\u00f3ximo a\u00f1o en el mes de octubre.<\/p>\n<p>El alcalde, en los \u00faltimos d\u00edas se ha visto muy activo con la maquinaria amarilla por diferentes sectores de la Localidad y en sus redes usa el numeral #Resultadosparalagente<\/p>\n<p>En cuanto al reemplazo de Anderson Acosta, se espera que la Alcaldesa, designe a una persona comprometida y que conozca a la localidad, sus problem\u00e1ticas, l\u00edderes y sobre todo que est\u00e9 en la capacidad de extender puentes de di\u00e1logo con los diferentes actores sociales, cosa que seg\u00fan se dice, no pas\u00f3 con el saliente alcalde.<\/p>\n<p>_________________________________________________________<\/p>\n<p>Escr\u00edbanos a: <a href=\"mailto:radiofontibonfm@gmail.com\">radiofontibonfm@gmail.com<\/a><\/p>\n<p><strong>Twitter:<\/strong> @fontibonFM<\/p>\n<p><strong>Instagram:<\/strong> @radiofontibonfm<\/p>\n<p><strong>Facebook:<\/strong> Fontib\u00f3n En Comunidad<\/p>\n<p>_________________________________________________________<\/p>\n<p>&nbsp;<\/p>\n<p>&nbsp;<\/p>\n<p>&nbsp;<\/p>\n<p>&nbsp;<\/p>\n<p>&nbsp;<\/p>\n<p>&nbsp;<\/p>\n","protected":false},"excerpt":{"rendered":"<p>Un a\u00f1o larguito dur\u00f3 el encargo de Claudia L\u00f3pez a Anderson Acosta, al frente de la Administraci\u00f3n Local de Fontib\u00f3n. Fontib\u00f3n FM Radio, de manera exclusiva, conoci\u00f3 que en las \u00faltimas horas el mandatario present\u00f3 su carta de renuncia ante la alcaldesa Claudia L\u00f3pez y que esta ser\u00e1 efectiva a partir del 30 de septiembre [&hellip;]<\/p>\n","protected":false},"author":1,"featured_media":2311,"comment_status":"closed","ping_status":"closed","sticky":false,"template":"","format":"standard","meta":{"footnotes":""},"categories":[5],"tags":[74,102,116,40,114,138,213,62,126,83,100,45,46,84,34,66,43,91,143,71,80],"class_list":["post-2310","post","type-post","status-publish","format-standard","has-post-thumbnail","hentry","category-localidad","tag-alcaldelocal","tag-alcaldelocalfontibon","tag-ambiente","tag-bogota","tag-bogota-medioambiente","tag-bogotasolidaria","tag-calle13","tag-claudialopez","tag-concejodebogota","tag-corrupcion","tag-cuarentena","tag-edil","tag-elecciones","tag-encuentrosciudadanos","tag-fontibon","tag-inversion","tag-jal","tag-juntascomunales","tag-medioscomunitarios","tag-metrobogota","tag-policia"],"_links":{"self":[{"href":"https:\/\/nuevofontibon.com\/index.php?rest_route=\/wp\/v2\/posts\/2310","targetHints":{"allow":["GET"]}}],"collection":[{"href":"https:\/\/nuevofontibon.com\/index.php?rest_route=\/wp\/v2\/posts"}],"about":[{"href":"https:\/\/nuevofontibon.com\/index.php?rest_route=\/wp\/v2\/types\/post"}],"author":[{"embeddable":true,"href":"https:\/\/nuevofontibon.com\/index.php?rest_route=\/wp\/v2\/users\/1"}],"replies":[{"embeddable":true,"href":"https:\/\/nuevofontibon.com\/index.php?rest_route=%2Fwp%2Fv2%2Fcomments&post=2310"}],"version-history":[{"count":0,"href":"https:\/\/nuevofontibon.com\/index.php?rest_route=\/wp\/v2\/posts\/2310\/revisions"}],"wp:featuredmedia":[{"embeddable":true,"href":"https:\/\/nuevofontibon.com\/index.php?rest_route=\/wp\/v2\/media\/2311"}],"wp:attachment":[{"href":"https:\/\/nuevofontibon.com\/index.php?rest_route=%2Fwp%2Fv2%2Fmedia&parent=2310"}],"wp:term":[{"taxonomy":"category","embeddable":true,"href":"https:\/\/nuevofontibon.com\/index.php?rest_route=%2Fwp%2Fv2%2Fcategories&post=2310"},{"taxonomy":"post_tag","embeddable":true,"href":"https:\/\/nuevofontibon.com\/index.php?rest_route=%2Fwp%2Fv2%2Ftags&post=2310"}],"curies":[{"name":"wp","href":"https:\/\/api.w.org\/{rel}","templated":true}]}}