{"id":2100,"date":"2021-11-18T22:12:42","date_gmt":"2021-11-19T03:12:42","guid":{"rendered":"https:\/\/nuevofontibon.com\/?p=2100"},"modified":"2021-11-19T10:47:29","modified_gmt":"2021-11-19T15:47:29","slug":"el-duro-y-crudo-panorama-de-la-accion-comunal-en-fontibon","status":"publish","type":"post","link":"https:\/\/nuevofontibon.com\/?p=2100","title":{"rendered":"El duro y crudo panorama de la acci\u00f3n comunal en Fontib\u00f3n"},"content":{"rendered":"<p>El pr\u00f3ximo domingo 28 de noviembre se realizar\u00e1n en todo el pa\u00eds las elecciones de nuevos dignatarios de Juntas de Acci\u00f3n Comunal, de acuerdo a lo establecido en la Resoluci\u00f3n 1513 del 22 de septiembre de 2021 proferida por el Ministerio del Interior, que pr\u00e1cticamente puso a correr a electores, organizaciones y dignatarios en plena pandemia de la c\u00f3vid 19.<\/p>\n<figure id=\"attachment_2105\" aria-describedby=\"caption-attachment-2105\" style=\"width: 2560px\" class=\"wp-caption alignnone\"><img loading=\"lazy\" decoding=\"async\" class=\"wp-image-2105 size-full\" src=\"https:\/\/nuevofontibon.com\/wp-content\/uploads\/2021\/11\/3-asamblea-9-scaled.jpg\" alt=\"\" width=\"2560\" height=\"1920\" srcset=\"https:\/\/nuevofontibon.com\/wp-content\/uploads\/2021\/11\/3-asamblea-9-scaled.jpg 2560w, https:\/\/nuevofontibon.com\/wp-content\/uploads\/2021\/11\/3-asamblea-9-300x225.jpg 300w, https:\/\/nuevofontibon.com\/wp-content\/uploads\/2021\/11\/3-asamblea-9-1024x768.jpg 1024w, https:\/\/nuevofontibon.com\/wp-content\/uploads\/2021\/11\/3-asamblea-9-768x576.jpg 768w, https:\/\/nuevofontibon.com\/wp-content\/uploads\/2021\/11\/3-asamblea-9-1536x1152.jpg 1536w, https:\/\/nuevofontibon.com\/wp-content\/uploads\/2021\/11\/3-asamblea-9-2048x1536.jpg 2048w, https:\/\/nuevofontibon.com\/wp-content\/uploads\/2021\/11\/3-asamblea-9-80x60.jpg 80w, https:\/\/nuevofontibon.com\/wp-content\/uploads\/2021\/11\/3-asamblea-9-265x198.jpg 265w, https:\/\/nuevofontibon.com\/wp-content\/uploads\/2021\/11\/3-asamblea-9-696x522.jpg 696w, https:\/\/nuevofontibon.com\/wp-content\/uploads\/2021\/11\/3-asamblea-9-1068x801.jpg 1068w, https:\/\/nuevofontibon.com\/wp-content\/uploads\/2021\/11\/3-asamblea-9-560x420.jpg 560w\" sizes=\"auto, (max-width: 2560px) 100vw, 2560px\" \/><figcaption id=\"caption-attachment-2105\" class=\"wp-caption-text\">Las juntas de acci\u00f3n comunal, son organizaciones que permiten el desarrollo de los barrios a partir de sus habitantes.<\/figcaption><\/figure>\n<p>En el caso de Bogot\u00e1, el <strong>Instituto Distrital de la Participaci\u00f3n y Acci\u00f3n Comunal \u2013 IDPAC,\u00a0 <\/strong>inmediatamente abander\u00f3 el proceso para facilitar que estas justas democr\u00e1ticas se desarrollen sin contratiempos en cada uno de los barrios de la ciudad.<\/p>\n<p><strong>APATIA Y DESINTERES<\/strong><\/p>\n<p>Este portal ha podido establecer que en el caso de Fontib\u00f3n, el desinter\u00e9s y la apat\u00eda al proceso de elecciones ha sido muy considerable. Varias juntas de acci\u00f3n comunal, estaban en proceso de depuraci\u00f3n del libro de afiliados antes de la pandemia y no saben que va a pasar con las decisiones sancionatorias y de desafiliaci\u00f3n por no acudir a las asambleas.<\/p>\n<figure id=\"attachment_2106\" aria-describedby=\"caption-attachment-2106\" style=\"width: 2560px\" class=\"wp-caption alignnone\"><img loading=\"lazy\" decoding=\"async\" class=\"wp-image-2106 size-full\" src=\"https:\/\/nuevofontibon.com\/wp-content\/uploads\/2021\/11\/4-noviembre-1-scaled.jpg\" alt=\"\" width=\"2560\" height=\"1920\" srcset=\"https:\/\/nuevofontibon.com\/wp-content\/uploads\/2021\/11\/4-noviembre-1-scaled.jpg 2560w, https:\/\/nuevofontibon.com\/wp-content\/uploads\/2021\/11\/4-noviembre-1-300x225.jpg 300w, https:\/\/nuevofontibon.com\/wp-content\/uploads\/2021\/11\/4-noviembre-1-1024x768.jpg 1024w, https:\/\/nuevofontibon.com\/wp-content\/uploads\/2021\/11\/4-noviembre-1-768x576.jpg 768w, https:\/\/nuevofontibon.com\/wp-content\/uploads\/2021\/11\/4-noviembre-1-1536x1152.jpg 1536w, https:\/\/nuevofontibon.com\/wp-content\/uploads\/2021\/11\/4-noviembre-1-2048x1536.jpg 2048w, https:\/\/nuevofontibon.com\/wp-content\/uploads\/2021\/11\/4-noviembre-1-80x60.jpg 80w, https:\/\/nuevofontibon.com\/wp-content\/uploads\/2021\/11\/4-noviembre-1-265x198.jpg 265w, https:\/\/nuevofontibon.com\/wp-content\/uploads\/2021\/11\/4-noviembre-1-696x522.jpg 696w, https:\/\/nuevofontibon.com\/wp-content\/uploads\/2021\/11\/4-noviembre-1-1068x801.jpg 1068w, https:\/\/nuevofontibon.com\/wp-content\/uploads\/2021\/11\/4-noviembre-1-560x420.jpg 560w\" sizes=\"auto, (max-width: 2560px) 100vw, 2560px\" \/><figcaption id=\"caption-attachment-2106\" class=\"wp-caption-text\">La ciudadan\u00eda cada vez es m\u00e1s ap\u00e1tica a participar de estos procesos democr\u00e1ticos barriales.<\/figcaption><\/figure>\n<p>Otras juntas no pudieron hacer sus asambleas previas en las que trazar\u00edan la ruta de acci\u00f3n para el desarrollo de las votaciones y debieron acudir a lo establecido en los estatutos de cada organizaci\u00f3n de primer grado.<\/p>\n<p><strong>NO SE INSCRIBEN<\/strong><\/p>\n<p>En un sondeo efectuado por <strong>RADIO FONTIBON FM<\/strong>, se pudo establecer que las inscripciones de nuevos afiliados en general en la Localidad ha sido muy baja, pese a que los libros se abrieron en horarios y d\u00edas c\u00f3modos para acercarse a inscribirse.<\/p>\n<p>En el mismo sentido, en varios barrios han tenido dificultades para conseguir las 14 personas que conforman las juntas de acci\u00f3n comunal y las 2 que debe presentarla ante el Tribunal de Garant\u00edas.<\/p>\n<p>Tambi\u00e9n se conoci\u00f3 por parte de la presidenta de Asojuntas Nancy Rodr\u00edguez, que 53 Juntas de Acci\u00f3n Comunal de Fontib\u00f3n, van a realizar elecciones el pr\u00f3ximo 28 de noviembre, y 22\u00a0 <strong>no pudieron<\/strong> hacer ni la asamblea previa.<\/p>\n<p><strong>Algunos barrios donde no habr\u00e1 elecciones comunales son:<\/strong> Modelia, Carlos Lleras, Guadal Santana, El Triangulo, HB Puente Prande, Prados de Alameda, Puente Grande, La isla, Boh\u00edos I y II, Jeric\u00f3, La Caba\u00f1a, Salamanca, El Rub\u00ed, Barrio Azul, Nogal, La Caba\u00f1ita, Las Flores, El Bogotano, Rinc\u00f3n del Modelia, Thalia, Batavia, Villemar, entre otros.<\/p>\n<p><strong>\u00bfSE ACABAN LOS COMUNALES?<\/strong><\/p>\n<p>Todo parece indicar que las nuevas generaciones no est\u00e1n interesadas en asumir estos procesos y que los verdaderos comunales podr\u00edan estar en v\u00edas de extinci\u00f3n. Varios de ellos, ya llevan <strong>muchos a\u00f1os<\/strong> al frente de estas organizaciones y ya <strong>quieren descansar<\/strong> pero no encuentran a <strong>quien entregarle<\/strong> ese legado.<\/p>\n<p>Los l\u00edderes comunales innatos, que sienten y viven el este compromiso cada vez son menos. Varios de ellos han fallecido, otros deben trasladarse de ciudad por temas de salud y otros m\u00e1s consideran que deben dar un paso al costado porque ya est\u00e1n cansados. Estas afirmaciones las han hecho varios de ellos.<\/p>\n<p><strong>POCA AYUDA LOCAL<\/strong><\/p>\n<p>Varios l\u00edderes comunales de Fontib\u00f3n, manifestaron que pr\u00e1cticamente para la <strong>Administraci\u00f3n Local,<\/strong> no existen, <strong>no son tenidos en cuenta<\/strong> y que los gobernantes que llegan, cierran el circulo a contados barrios donde llevan la mayor\u00eda de programas y proyectos, inclusive los que llegan del \u00e1mbito distrital.<\/p>\n<p>Los mismos l\u00edderes de Fontib\u00f3n, se preguntan que ha pasado con el reconocimiento y apoyo a la celebraci\u00f3n del D\u00eda del Comunal en el mes de noviembre que en la actual\u00a0 Administraci\u00f3n de ha pasado de agache.<\/p>\n<p>Otros l\u00edderes tambi\u00e9n denunciaron la dificultad para conseguir una cita con el alcalde local <strong>Anderson Acosta Torres<\/strong>.<\/p>\n<p>Es decir el panorama de la acci\u00f3n comunal en Fontib\u00f3n es bastante <strong>nebuloso e incierto<\/strong> y nadie, solo los verdaderos l\u00edderes comunales hacen algo para revivirlo y sostenerlo, pese a las dificultades.<\/p>\n<p><a href=\"https:\/\/nuevofontibon.com\/wp-content\/uploads\/2021\/11\/PREGUNTAS-FRECUENTES-ORGANIZACIONES-COMUNALES-1.pdf\">Aclare aqu\u00ed sus dudas sobre las elecciones de juntas de acci\u00f3n comunal<\/a><\/p>\n<p>&nbsp;<\/p>\n<p>Escr\u00edbanos a: radiofontibonfm@gmail.com<\/p>\n<p>&nbsp;<\/p>\n<p>&nbsp;<\/p>\n","protected":false},"excerpt":{"rendered":"<p>El pr\u00f3ximo domingo 28 de noviembre se realizar\u00e1n en todo el pa\u00eds las elecciones de nuevos dignatarios de Juntas de Acci\u00f3n Comunal, de acuerdo a lo establecido en la Resoluci\u00f3n 1513 del 22 de septiembre de 2021 proferida por el Ministerio del Interior, que pr\u00e1cticamente puso a correr a electores, organizaciones y dignatarios en plena [&hellip;]<\/p>\n","protected":false},"author":1,"featured_media":2105,"comment_status":"closed","ping_status":"closed","sticky":false,"template":"","format":"standard","meta":{"footnotes":""},"categories":[5],"tags":[74,116,40,62,126,83,46,34,49,91,143,97,125],"class_list":["post-2100","post","type-post","status-publish","format-standard","has-post-thumbnail","hentry","category-localidad","tag-alcaldelocal","tag-ambiente","tag-bogota","tag-claudialopez","tag-concejodebogota","tag-corrupcion","tag-elecciones","tag-fontibon","tag-inseguridad","tag-juntascomunales","tag-medioscomunitarios","tag-pandemia","tag-covid19"],"_links":{"self":[{"href":"https:\/\/nuevofontibon.com\/index.php?rest_route=\/wp\/v2\/posts\/2100","targetHints":{"allow":["GET"]}}],"collection":[{"href":"https:\/\/nuevofontibon.com\/index.php?rest_route=\/wp\/v2\/posts"}],"about":[{"href":"https:\/\/nuevofontibon.com\/index.php?rest_route=\/wp\/v2\/types\/post"}],"author":[{"embeddable":true,"href":"https:\/\/nuevofontibon.com\/index.php?rest_route=\/wp\/v2\/users\/1"}],"replies":[{"embeddable":true,"href":"https:\/\/nuevofontibon.com\/index.php?rest_route=%2Fwp%2Fv2%2Fcomments&post=2100"}],"version-history":[{"count":0,"href":"https:\/\/nuevofontibon.com\/index.php?rest_route=\/wp\/v2\/posts\/2100\/revisions"}],"wp:featuredmedia":[{"embeddable":true,"href":"https:\/\/nuevofontibon.com\/index.php?rest_route=\/wp\/v2\/media\/2105"}],"wp:attachment":[{"href":"https:\/\/nuevofontibon.com\/index.php?rest_route=%2Fwp%2Fv2%2Fmedia&parent=2100"}],"wp:term":[{"taxonomy":"category","embeddable":true,"href":"https:\/\/nuevofontibon.com\/index.php?rest_route=%2Fwp%2Fv2%2Fcategories&post=2100"},{"taxonomy":"post_tag","embeddable":true,"href":"https:\/\/nuevofontibon.com\/index.php?rest_route=%2Fwp%2Fv2%2Ftags&post=2100"}],"curies":[{"name":"wp","href":"https:\/\/api.w.org\/{rel}","templated":true}]}}