{"id":2036,"date":"2021-08-09T18:39:52","date_gmt":"2021-08-09T23:39:52","guid":{"rendered":"https:\/\/nuevofontibon.com\/?p=2036"},"modified":"2021-08-09T18:39:52","modified_gmt":"2021-08-09T23:39:52","slug":"que-paso-con-la-muerte-de-wendy-calderon-lider-de-la-colombia-humana-en-fontibon","status":"publish","type":"post","link":"https:\/\/nuevofontibon.com\/?p=2036","title":{"rendered":"\u00bfQu\u00e9 pas\u00f3 con la muerte de Wendy Calder\u00f3n, l\u00edder de la Colombia Humana en Fontib\u00f3n?"},"content":{"rendered":"<figure id=\"attachment_2037\" aria-describedby=\"caption-attachment-2037\" style=\"width: 601px\" class=\"wp-caption aligncenter\"><img loading=\"lazy\" decoding=\"async\" class=\"wp-image-2037 size-full\" src=\"https:\/\/nuevofontibon.com\/wp-content\/uploads\/2021\/08\/wendy1.png\" alt=\"\" width=\"601\" height=\"336\" srcset=\"https:\/\/nuevofontibon.com\/wp-content\/uploads\/2021\/08\/wendy1.png 601w, https:\/\/nuevofontibon.com\/wp-content\/uploads\/2021\/08\/wendy1-300x168.png 300w\" sizes=\"auto, (max-width: 601px) 100vw, 601px\" \/><figcaption id=\"caption-attachment-2037\" class=\"wp-caption-text\">Sigue sin esclarecer el deceso de la joven activista Wendy Calder\u00f3n Venegas<span style=\"font-size: 15px; color: #222222;\">\u00a0 \u00a0 \u00a0 \u00a0 \u00a0 \u00a0 \u00a0 \u00a0 \u00a0 \u00a0 \u00a0 \u00a0 \u00a0 \u00a0\u00a0<\/span><\/figcaption><\/figure>\n<p>Hermetismo total guardan las autoridades de Polic\u00eda de Fontib\u00f3n, tras conocerse el deceso de la joven l\u00edder de la Colombia Humana y excandidata de ese partido a la Junta Administradora Local, <strong>Wendy Calder\u00f3n Venegas.<\/strong><\/p>\n<p>Luego de conocida la noticia el pasado 8 de agosto en horas de la tarde y por tratarse de una joven figura del devenir pol\u00edtico en la Localidad, los grupos de WhatsApp comenzaron a divulgar la informaci\u00f3n.<\/p>\n<p>A trav\u00e9s de esos medios se dieron varias versiones pero ninguna con el desarrollo del lamentable hecho.<\/p>\n<p>Posteriormente, una persona allegada a la occisa pidi\u00f3 que no se divulgara nada hasta tanto sus familiares conocieran la noticia de otra manera diferente a las redes sociales.<\/p>\n<p><strong>RUMORES<\/strong><\/p>\n<figure id=\"attachment_2038\" aria-describedby=\"caption-attachment-2038\" style=\"width: 595px\" class=\"wp-caption aligncenter\"><img loading=\"lazy\" decoding=\"async\" class=\"wp-image-2038 size-full\" src=\"https:\/\/nuevofontibon.com\/wp-content\/uploads\/2021\/08\/wendy2.png\" alt=\"\" width=\"595\" height=\"372\" srcset=\"https:\/\/nuevofontibon.com\/wp-content\/uploads\/2021\/08\/wendy2.png 595w, https:\/\/nuevofontibon.com\/wp-content\/uploads\/2021\/08\/wendy2-300x188.png 300w\" sizes=\"auto, (max-width: 595px) 100vw, 595px\" \/><figcaption id=\"caption-attachment-2038\" class=\"wp-caption-text\">Vladimir Gaur\u00edn, ex edil de Fontib\u00f3n y su equipo de trabajo, fueron los impulsores de la joven activista pol\u00edtica.<\/figcaption><\/figure>\n<p>De acuerdo al voz a voz, se supo que la joven hab\u00eda sido v\u00edctima de un feminicidio y otros que hab\u00eda tomado la fatal decisi\u00f3n de acabar con su vida, sin que hasta el momento se haya <strong>ratificado o desmentido<\/strong> alguna de las dos versiones.<\/p>\n<p>Se dice que Wendy fue <strong>encontrada sin vida<\/strong> en su apartamento de la Zona Franca, y que viv\u00eda con sus progenitores.<\/p>\n<p>Lo cierto de todo es que hoy, la joven l\u00edder pol\u00edtica est\u00e1 fallecida, su familia y amigos destrozados y embargados por la tristeza.<\/p>\n<p><strong>TRABAJADORA SOCIAL<\/strong><\/p>\n<figure id=\"attachment_2039\" aria-describedby=\"caption-attachment-2039\" style=\"width: 565px\" class=\"wp-caption aligncenter\"><img loading=\"lazy\" decoding=\"async\" class=\"wp-image-2039 size-full\" src=\"https:\/\/nuevofontibon.com\/wp-content\/uploads\/2021\/08\/webdy3.png\" alt=\"\" width=\"565\" height=\"369\" srcset=\"https:\/\/nuevofontibon.com\/wp-content\/uploads\/2021\/08\/webdy3.png 565w, https:\/\/nuevofontibon.com\/wp-content\/uploads\/2021\/08\/webdy3-300x196.png 300w\" sizes=\"auto, (max-width: 565px) 100vw, 565px\" \/><figcaption id=\"caption-attachment-2039\" class=\"wp-caption-text\">Wendy Calder\u00f3n, estuvo en el Colectivo que buscaba despenalizar el aborto en Colombia.<\/figcaption><\/figure>\n<p>Wendy Calder\u00f3n, acorde a su carrera profesional, era una trabajadora social, abanderada de los <strong>temas ambientales<\/strong>, de las huertas urbanas y ven\u00eda promoviendo la implementaci\u00f3n de las <strong>pacas digestoras<\/strong> para ayudar al medio ambiente.<\/p>\n<p>En las pasadas elecciones jug\u00f3 un papel preponderante como integrante de la lista a la JAL de Fontib\u00f3n, e inclusive este <a href=\"https:\/\/nuevofontibon.com\/?p=604\">medio la dio como posible cabeza de lista<\/a>, pero no fue as\u00ed. Pese a ello, logr\u00f3 <strong>2.053 votos<\/strong>, fruto del trabajo y de una de las tendencias de eses movimiento pol\u00edtico.<\/p>\n<p>Comprometida con su causa, la joven l\u00edder estuvo muy activa en las \u00faltimas jornadas del paro nacional, e inclusive seg\u00fan varios videos en las redes sociales, acompa\u00f1\u00f3 diferentes actividades como la de los misak en la calle 26, las <strong>ollas comunitarias en la Casa de la Cultura<\/strong> y los diferentes eventos art\u00edsticos y culturales que se adelantaron all\u00ed.<\/p>\n<p>Wendy adem\u00e1s, diplomada en derechos humanos, participaci\u00f3n ciudadana y construcci\u00f3n de cultura de paz con perspectiva de g\u00e9nero. Era miembro del colectivo <strong>Hyntiba Resiste<\/strong>, y delegada por el sector de j\u00f3venes ante el CPL, hizo parte del colectivo femenino <strong>Causa Justa<\/strong> por la despenalizaci\u00f3n del aborto. Recientemente, hab\u00eda sido delegada ante la Secretar\u00eda Distrital de la Mujer.<\/p>\n<p><strong>RECHAZO<\/strong><\/p>\n<figure id=\"attachment_2040\" aria-describedby=\"caption-attachment-2040\" style=\"width: 1280px\" class=\"wp-caption aligncenter\"><img loading=\"lazy\" decoding=\"async\" class=\"wp-image-2040 size-full\" src=\"https:\/\/nuevofontibon.com\/wp-content\/uploads\/2021\/08\/wendy4.png\" alt=\"\" width=\"1280\" height=\"960\" srcset=\"https:\/\/nuevofontibon.com\/wp-content\/uploads\/2021\/08\/wendy4.png 1280w, https:\/\/nuevofontibon.com\/wp-content\/uploads\/2021\/08\/wendy4-300x225.png 300w, https:\/\/nuevofontibon.com\/wp-content\/uploads\/2021\/08\/wendy4-1024x768.png 1024w, https:\/\/nuevofontibon.com\/wp-content\/uploads\/2021\/08\/wendy4-768x576.png 768w, https:\/\/nuevofontibon.com\/wp-content\/uploads\/2021\/08\/wendy4-80x60.png 80w, https:\/\/nuevofontibon.com\/wp-content\/uploads\/2021\/08\/wendy4-265x198.png 265w, https:\/\/nuevofontibon.com\/wp-content\/uploads\/2021\/08\/wendy4-696x522.png 696w, https:\/\/nuevofontibon.com\/wp-content\/uploads\/2021\/08\/wendy4-1068x801.png 1068w, https:\/\/nuevofontibon.com\/wp-content\/uploads\/2021\/08\/wendy4-560x420.png 560w\" sizes=\"auto, (max-width: 1280px) 100vw, 1280px\" \/><figcaption id=\"caption-attachment-2040\" class=\"wp-caption-text\">Wendy estaba siempre en diferentes espacios de participaci\u00f3n ciudadana trabajando para mejorar las condiciones de vida de los fontibonenses.<\/figcaption><\/figure>\n<p>Diferentes voces pol\u00edticas, comunitarias, as\u00ed como del \u00e1mbito ambiental y cultural que se abstuvieron de revelar sus nombres, lamentaron la muerte de Wendy y pidieron una informaci\u00f3n oficial a fin de evitar caer en imprecisiones.<\/p>\n<p>La concejal de la UP, Heidy S\u00e1nchez se sum\u00f3 a las voces de dolor a trav\u00e9s de un comunicado en sus redes sociales.<\/p>\n<p>De otro lado, en la noche del lunes 9 de agosto, se adelantar\u00eda una velaton en memoria de la joven activista pol\u00edtica.<\/p>\n<p>&nbsp;<\/p>\n<p>_____________________________________________________________________<\/p>\n<p>Escr\u00edbanos a: <a href=\"mailto:director@nuevofontibon.com\">director@nuevofontibon.com<\/a><\/p>\n<p><strong>Twitter:<\/strong> @fontibonfm<\/p>\n<p><strong>Facebook:<\/strong> Fontib\u00f3n en Comunidad<\/p>\n<p><strong>Instagram<\/strong>: @radiofontibonfm<\/p>\n<p>_____________________________________________________________________<\/p>\n<p>&nbsp;<\/p>\n","protected":false},"excerpt":{"rendered":"<p>Hermetismo total guardan las autoridades de Polic\u00eda de Fontib\u00f3n, tras conocerse el deceso de la joven l\u00edder de la Colombia Humana y excandidata de ese partido a la Junta Administradora Local, Wendy Calder\u00f3n Venegas. Luego de conocida la noticia el pasado 8 de agosto en horas de la tarde y por tratarse de una joven [&hellip;]<\/p>\n","protected":false},"author":1,"featured_media":2037,"comment_status":"closed","ping_status":"closed","sticky":false,"template":"","format":"standard","meta":{"footnotes":""},"categories":[5],"tags":[74,116,40,138,213,62,244,126,83,243,103,43,91,143,80,123,181,125],"class_list":["post-2036","post","type-post","status-publish","format-standard","has-post-thumbnail","hentry","category-localidad","tag-alcaldelocal","tag-ambiente","tag-bogota","tag-bogotasolidaria","tag-calle13","tag-claudialopez","tag-colombiahumana","tag-concejodebogota","tag-corrupcion","tag-feminicidio","tag-fontibon-alcaldelocal","tag-jal","tag-juntascomunales","tag-medioscomunitarios","tag-policia","tag-salud","tag-veeduria","tag-covid19"],"_links":{"self":[{"href":"https:\/\/nuevofontibon.com\/index.php?rest_route=\/wp\/v2\/posts\/2036","targetHints":{"allow":["GET"]}}],"collection":[{"href":"https:\/\/nuevofontibon.com\/index.php?rest_route=\/wp\/v2\/posts"}],"about":[{"href":"https:\/\/nuevofontibon.com\/index.php?rest_route=\/wp\/v2\/types\/post"}],"author":[{"embeddable":true,"href":"https:\/\/nuevofontibon.com\/index.php?rest_route=\/wp\/v2\/users\/1"}],"replies":[{"embeddable":true,"href":"https:\/\/nuevofontibon.com\/index.php?rest_route=%2Fwp%2Fv2%2Fcomments&post=2036"}],"version-history":[{"count":0,"href":"https:\/\/nuevofontibon.com\/index.php?rest_route=\/wp\/v2\/posts\/2036\/revisions"}],"wp:featuredmedia":[{"embeddable":true,"href":"https:\/\/nuevofontibon.com\/index.php?rest_route=\/wp\/v2\/media\/2037"}],"wp:attachment":[{"href":"https:\/\/nuevofontibon.com\/index.php?rest_route=%2Fwp%2Fv2%2Fmedia&parent=2036"}],"wp:term":[{"taxonomy":"category","embeddable":true,"href":"https:\/\/nuevofontibon.com\/index.php?rest_route=%2Fwp%2Fv2%2Fcategories&post=2036"},{"taxonomy":"post_tag","embeddable":true,"href":"https:\/\/nuevofontibon.com\/index.php?rest_route=%2Fwp%2Fv2%2Ftags&post=2036"}],"curies":[{"name":"wp","href":"https:\/\/api.w.org\/{rel}","templated":true}]}}