{"id":1889,"date":"2021-01-07T11:51:43","date_gmt":"2021-01-07T16:51:43","guid":{"rendered":"https:\/\/nuevofontibon.com\/?p=1889"},"modified":"2021-01-07T11:51:43","modified_gmt":"2021-01-07T16:51:43","slug":"asi-sera-la-nueva-cuarentena-en-fontibon-declarada-alerta-roja-hospitalaria-en-la-ciudad","status":"publish","type":"post","link":"https:\/\/nuevofontibon.com\/?p=1889","title":{"rendered":"As\u00ed ser\u00e1 la nueva cuarentena en Fontib\u00f3n. Declarada Alerta Roja hospitalaria en la ciudad"},"content":{"rendered":"<p>La Alcald\u00eda Mayor acaba de decretar la alerta roja hospitalaria en Bogot\u00e1, debido al crecimiento en el n\u00famero de contagios que se viene realizando en la capital.<\/p>\n<p><img loading=\"lazy\" decoding=\"async\" class=\"size-full wp-image-1891 aligncenter\" src=\"https:\/\/nuevofontibon.com\/wp-content\/uploads\/2021\/01\/claudia-lopez1.png\" alt=\"\" width=\"512\" height=\"288\" srcset=\"https:\/\/nuevofontibon.com\/wp-content\/uploads\/2021\/01\/claudia-lopez1.png 512w, https:\/\/nuevofontibon.com\/wp-content\/uploads\/2021\/01\/claudia-lopez1-300x169.png 300w\" sizes=\"auto, (max-width: 512px) 100vw, 512px\" \/><\/p>\n<p>Este es resultado de la reuni\u00f3n adelantado con el Ministerio de Salud y las autoridades sanitarias encargadas del tema a nivel nacional quienes concluyeron que esa era la medida m\u00e1s favorable para mejorar los indicadores del covid.<\/p>\n<p><strong>FONTIBON ENTRA EN CUARENTENA<\/strong><\/p>\n<p><img loading=\"lazy\" decoding=\"async\" class=\"size-full wp-image-1892 aligncenter\" src=\"https:\/\/nuevofontibon.com\/wp-content\/uploads\/2021\/01\/nuevas-medidas.png\" alt=\"\" width=\"516\" height=\"288\" srcset=\"https:\/\/nuevofontibon.com\/wp-content\/uploads\/2021\/01\/nuevas-medidas.png 516w, https:\/\/nuevofontibon.com\/wp-content\/uploads\/2021\/01\/nuevas-medidas-300x167.png 300w\" sizes=\"auto, (max-width: 516px) 100vw, 516px\" \/><\/p>\n<p>Dentro de las medidas anunciadas la <strong>toda la ciudad<\/strong> tambi\u00e9n tendr\u00e1 <strong>toque de queda nocturno <\/strong><strong>entre el martes 12 de enero, hasta el domingo 17 de enero en el horario <\/strong>comprendido entre las <strong>8:00 de la noche y las 4:00 de la ma\u00f1ana.<\/strong><\/p>\n<p>Por otra parte, las localidades que ya ten\u00edan medidas especiales (Suba,<br \/>\nEngativ\u00e1 y Usaqu\u00e9n), continuar\u00e1n hasta el pr\u00f3ximo 17 de enero a las<br \/>\n11:59 p.m. y por su parte; las localidades de Kennedy, Teusaquillo y<br \/>\n<strong>Fontib\u00f3n entran en cuarentena estricta desde este martes 12 de enero a<\/strong><br \/>\n<strong>las 00:00 horas y hasta el pr\u00f3ximo jueves 21 de enero a las 11:59 p.m,<\/strong><br \/>\ndebido al aumento de casos positivos y hospitalizaciones por coronavirus<br \/>\nen los \u00faltimos d\u00edas.<\/p>\n<p>Seg\u00fan la Alcald\u00eda Mayor, el comportamiento de los indicadores de salud en Bogot\u00e1 evidencia que desde la primera semana de diciembre hay un incremento en la ocupaci\u00f3n<br \/>\nde camas de cuidados intensivos e intermedios en la ciudad, por lo que el<br \/>\nDistrito, como primera medida, declar\u00f3 la alerta roja en la ciudad y en el<br \/>\nservicio hospitalario con el fin de seguir garantizando la prestaci\u00f3n de los<br \/>\nservicios de salud, la disponibilidad del talento humano y los<br \/>\nmedicamentos esenciales para todos los niveles de atenci\u00f3n m\u00e9dica.<\/p>\n<p><strong>EXCEPCIONES<\/strong><\/p>\n<p>De acuerdo a la Alcald\u00eda, quienes tengan excepciones como personal de salud, servicios p\u00fablicos, abastecimiento, medios de comunicaci\u00f3n, etc, podr\u00e1n movilizarse sin problemas. S\u00f3lo debe salir una persona por casa a buscar el abastecimiento para sus familias. Se mantiene el pico y c\u00e9dula y la ley seca.<\/p>\n<p>Igualmente, quienes tengan citas m\u00e9dicas programadas, podr\u00e1n salir a atenderlas.<\/p>\n<p>________________________________________________________________<\/p>\n<p>Escr\u00edbanos a: radiofontibonfm@gmail.com<\/p>\n<p>twiiter: @fontibonfm<\/p>\n<p>@instagram:<\/p>\n<p>@radiofontibonfm<\/p>\n<p>_____________________________________________________<\/p>\n","protected":false},"excerpt":{"rendered":"<p>La Alcald\u00eda Mayor acaba de decretar la alerta roja hospitalaria en Bogot\u00e1, debido al crecimiento en el n\u00famero de contagios que se viene realizando en la capital. Este es resultado de la reuni\u00f3n adelantado con el Ministerio de Salud y las autoridades sanitarias encargadas del tema a nivel nacional quienes concluyeron que esa era la [&hellip;]<\/p>\n","protected":false},"author":1,"featured_media":1891,"comment_status":"closed","ping_status":"closed","sticky":false,"template":"","format":"standard","meta":{"footnotes":""},"categories":[5],"tags":[155,40,62,96,100,34,125],"class_list":["post-1889","post","type-post","status-publish","format-standard","has-post-thumbnail","hentry","category-localidad","tag-ayudas","tag-bogota","tag-claudialopez","tag-coronavirus","tag-cuarentena","tag-fontibon","tag-covid19"],"_links":{"self":[{"href":"https:\/\/nuevofontibon.com\/index.php?rest_route=\/wp\/v2\/posts\/1889","targetHints":{"allow":["GET"]}}],"collection":[{"href":"https:\/\/nuevofontibon.com\/index.php?rest_route=\/wp\/v2\/posts"}],"about":[{"href":"https:\/\/nuevofontibon.com\/index.php?rest_route=\/wp\/v2\/types\/post"}],"author":[{"embeddable":true,"href":"https:\/\/nuevofontibon.com\/index.php?rest_route=\/wp\/v2\/users\/1"}],"replies":[{"embeddable":true,"href":"https:\/\/nuevofontibon.com\/index.php?rest_route=%2Fwp%2Fv2%2Fcomments&post=1889"}],"version-history":[{"count":0,"href":"https:\/\/nuevofontibon.com\/index.php?rest_route=\/wp\/v2\/posts\/1889\/revisions"}],"wp:featuredmedia":[{"embeddable":true,"href":"https:\/\/nuevofontibon.com\/index.php?rest_route=\/wp\/v2\/media\/1891"}],"wp:attachment":[{"href":"https:\/\/nuevofontibon.com\/index.php?rest_route=%2Fwp%2Fv2%2Fmedia&parent=1889"}],"wp:term":[{"taxonomy":"category","embeddable":true,"href":"https:\/\/nuevofontibon.com\/index.php?rest_route=%2Fwp%2Fv2%2Fcategories&post=1889"},{"taxonomy":"post_tag","embeddable":true,"href":"https:\/\/nuevofontibon.com\/index.php?rest_route=%2Fwp%2Fv2%2Ftags&post=1889"}],"curies":[{"name":"wp","href":"https:\/\/api.w.org\/{rel}","templated":true}]}}