{"id":1886,"date":"2020-12-30T14:52:04","date_gmt":"2020-12-30T19:52:04","guid":{"rendered":"https:\/\/nuevofontibon.com\/?p=1886"},"modified":"2020-12-30T15:35:25","modified_gmt":"2020-12-30T20:35:25","slug":"se-cayo-la-ciclo-ruta-de-la-calle-13-impuesta-por-la-alcaldia-mayor-de-bogota-idu-reconoce-fallas","status":"publish","type":"post","link":"https:\/\/nuevofontibon.com\/?p=1886","title":{"rendered":"Se cay\u00f3 la ciclo ruta de la Calle 13 impuesta por la Alcald\u00eda Mayor de Bogot\u00e1. IDU reconoce fallas."},"content":{"rendered":"<p>En las \u00faltimas horas se supo del reconocimiento y falta de planeaci\u00f3n de la <strong>Secretar\u00eda de Movilidad,<\/strong> al intentar imponer una ciclo ruta por la calle 13, que s\u00f3lo dej\u00f3 caos y malestar de la comunidad.<\/p>\n<p><img loading=\"lazy\" decoding=\"async\" class=\"alignnone size-full wp-image-1656\" src=\"https:\/\/nuevofontibon.com\/wp-content\/uploads\/2020\/10\/1.jpg\" alt=\"\" width=\"640\" height=\"396\" srcset=\"https:\/\/nuevofontibon.com\/wp-content\/uploads\/2020\/10\/1.jpg 640w, https:\/\/nuevofontibon.com\/wp-content\/uploads\/2020\/10\/1-300x186.jpg 300w, https:\/\/nuevofontibon.com\/wp-content\/uploads\/2020\/10\/1-356x220.jpg 356w\" sizes=\"auto, (max-width: 640px) 100vw, 640px\" \/><\/p>\n<p>La verdad fue un experimento que perjudic\u00f3 en gran manera a los residentes de los barrios occidentales de Fontib\u00f3n, as\u00ed como a quienes viven en los municipios como Funza, Madrid, Mosquera, Bojac\u00e1, Facatativ\u00e1 entre otros.<\/p>\n<p>Esa decisi\u00f3n, tambi\u00e9n afect\u00f3 a los usuarios vehiculares que entraban o sal\u00edan de la capital y que deb\u00edan disponer de 40 minutos a una hora para transitar desde la carrera 96 hasta el puente del R\u00edo Bogot\u00e1.<\/p>\n<p>Ell director del IDU, Diego S\u00e1nchez, dijo este mi\u00e9rcoles que, el bicicarril central ser\u00e1 cambiado por otro modelo de carril temporal: <b>uno que vaya a los costados y no sobre calzada, sino sobre la llamada \u2018zona de ampliaci\u00f3n\u2019.<\/b><\/p>\n<figure id=\"attachment_1686\" aria-describedby=\"caption-attachment-1686\" style=\"width: 1280px\" class=\"wp-caption alignnone\"><img loading=\"lazy\" decoding=\"async\" class=\"wp-image-1686 size-full\" src=\"https:\/\/nuevofontibon.com\/wp-content\/uploads\/2020\/11\/transmi1.jpg\" alt=\"\" width=\"1280\" height=\"401\" srcset=\"https:\/\/nuevofontibon.com\/wp-content\/uploads\/2020\/11\/transmi1.jpg 1280w, https:\/\/nuevofontibon.com\/wp-content\/uploads\/2020\/11\/transmi1-300x94.jpg 300w, https:\/\/nuevofontibon.com\/wp-content\/uploads\/2020\/11\/transmi1-1024x321.jpg 1024w, https:\/\/nuevofontibon.com\/wp-content\/uploads\/2020\/11\/transmi1-768x241.jpg 768w, https:\/\/nuevofontibon.com\/wp-content\/uploads\/2020\/11\/transmi1-696x218.jpg 696w, https:\/\/nuevofontibon.com\/wp-content\/uploads\/2020\/11\/transmi1-1068x335.jpg 1068w\" sizes=\"auto, (max-width: 1280px) 100vw, 1280px\" \/><figcaption id=\"caption-attachment-1686\" class=\"wp-caption-text\">Este ser\u00eda el dise\u00f1o dejado por la Administraci\u00f3n anterior de Bogot\u00e1.<\/figcaption><\/figure>\n<p>A\u00f1adi\u00f3 que: <b>Inicialmente, se har\u00e1 la ciclorruta solo en uno de los costados sobre una zona de reserva vial -que hoy est\u00e1 entre tierra y c\u00e9sped- y no sobre la calzada.\u00a0<\/b>Se har\u00e1 entre el l\u00edmite de Bogot\u00e1 y la avenida Boyac\u00e1, por toda la calle 13.<\/p>\n<p>La intervenci\u00f3n estar\u00e1 a cargo de la Unidad de Mantenimiento Vial.\u00a0<b>A\u00fan no hay detalles del ancho que tendr\u00eda esta ciclorruta y qu\u00e9 tipo de segregaci\u00f3n utilizar\u00eda.<\/b><\/p>\n<p>Esta intervenci\u00f3n comenzar\u00e1 en la <strong>primera semana de enero<\/strong> y funcionar\u00e1, de manera <strong>provisional,<\/strong> entre 2021 y 2022 mientras se estructura una soluci\u00f3n definitiva de movilidad para la calle 13, concluy\u00f3.<\/p>\n<p><b>Inicialmente, se har\u00e1 la ciclorruta solo en uno de los costados sobre una zona de reserva vial -que hoy est\u00e1 entre tierra y c\u00e9sped- y no sobre la calzada. <\/b>Se har\u00e1 entre el l\u00edmite de Bogot\u00e1 y la avenida Boyac\u00e1, por toda la calle 13.<\/p>\n<div class=\"col2\">\n<div class=\"articulo-contenido\">\n<div class=\"modulos\">\n<p id=\"p557860-m583-3-584\" class=\"contenido\">La intervenci\u00f3n estar\u00e1 a cargo de la Unidad de Mantenimiento Vial. <b>A\u00fan no hay detalles del ancho que tendr\u00eda esta ciclorruta y qu\u00e9 tipo de segregaci\u00f3n utilizar\u00eda.<\/b><\/p>\n<p id=\"p557860-m595-5-596\" class=\"contenido\"><b><\/b>\u201cEl problema de <strong>congesti\u00f3n que se gener\u00f3<\/strong> (con la ciclorruta) <strong>fue mucha<\/strong>, por eso se va a generar por fuera.<b>\u00a0Pero no es 100 % definitiva<\/b>\u201d, asegur\u00f3 el director y sostuvo que el nuevo modelo permitir\u00e1 la conectividad completa de los viajes en bicicleta.<\/p>\n<figure id=\"attachment_1685\" aria-describedby=\"caption-attachment-1685\" style=\"width: 1142px\" class=\"wp-caption alignnone\"><img loading=\"lazy\" decoding=\"async\" class=\"wp-image-1685 size-full\" src=\"https:\/\/nuevofontibon.com\/wp-content\/uploads\/2020\/11\/transmi-calle-13.jpg\" alt=\"\" width=\"1142\" height=\"454\" srcset=\"https:\/\/nuevofontibon.com\/wp-content\/uploads\/2020\/11\/transmi-calle-13.jpg 1142w, https:\/\/nuevofontibon.com\/wp-content\/uploads\/2020\/11\/transmi-calle-13-300x119.jpg 300w, https:\/\/nuevofontibon.com\/wp-content\/uploads\/2020\/11\/transmi-calle-13-1024x407.jpg 1024w, https:\/\/nuevofontibon.com\/wp-content\/uploads\/2020\/11\/transmi-calle-13-768x305.jpg 768w, https:\/\/nuevofontibon.com\/wp-content\/uploads\/2020\/11\/transmi-calle-13-696x277.jpg 696w, https:\/\/nuevofontibon.com\/wp-content\/uploads\/2020\/11\/transmi-calle-13-1068x425.jpg 1068w, https:\/\/nuevofontibon.com\/wp-content\/uploads\/2020\/11\/transmi-calle-13-1056x420.jpg 1056w\" sizes=\"auto, (max-width: 1142px) 100vw, 1142px\" \/><figcaption id=\"caption-attachment-1685\" class=\"wp-caption-text\">Otro detalle, del dise\u00f1o ya con Trasmilenio<\/figcaption><\/figure>\n<p>Esta intervenci\u00f3n comenzar\u00e1 en la primera semana de enero y funcionar\u00e1, de manera provisional, entre 2021 y 2022 mientras se estructura una soluci\u00f3n definitiva de movilidad para la calle 13.<\/p>\n<p>Ahora se tendr\u00e1 que esperar de d\u00f3nde van a salir los <strong>recursos econ\u00f3micos<\/strong> y a que meta del <strong>Plan de Desarrollo<\/strong> le van a apuntar, porque no se pueden hacer intervenciones que <strong>no est\u00e9n soportadas con estudios y dise\u00f1os<\/strong> y sobre todo que cuenten con el dinero para hacerlas.<\/p>\n<p>C\u00f3mo se sabe, la calle 13 tiene proyectado otro tipo de uso, donde est\u00e1 planteada la inclusi\u00f3n del Transmilenio y precisamente la Administraci\u00f3n anterior, dej\u00f3 unos dise\u00f1os avanzados que seguramente ahora ser\u00e1n tenidos en cuenta por el actual gobierno.<\/p>\n<p><strong>REACCIONES<\/strong><\/p>\n<p>Varios l\u00edderes comunales y sociales, de la Localidad, expresaron su complacencia por la determinaci\u00f3n que tom\u00f3 la Administraci\u00f3n y dijeron que seguir\u00e1n articulados en mesas de trabajo y comit\u00e9s y que buscar\u00e1n que se hagan las cosas bien.<\/p>\n<figure id=\"attachment_1869\" aria-describedby=\"caption-attachment-1869\" style=\"width: 480px\" class=\"wp-caption aligncenter\"><img loading=\"lazy\" decoding=\"async\" class=\"wp-image-1869 size-full\" src=\"https:\/\/nuevofontibon.com\/wp-content\/uploads\/2020\/11\/1.png\" alt=\"\" width=\"480\" height=\"334\" srcset=\"https:\/\/nuevofontibon.com\/wp-content\/uploads\/2020\/11\/1.png 480w, https:\/\/nuevofontibon.com\/wp-content\/uploads\/2020\/11\/1-300x209.png 300w, https:\/\/nuevofontibon.com\/wp-content\/uploads\/2020\/11\/1-100x70.png 100w\" sizes=\"auto, (max-width: 480px) 100vw, 480px\" \/><figcaption id=\"caption-attachment-1869\" class=\"wp-caption-text\">Este biciusuario, perdi\u00f3 la vida. Iba fuera del improvisado bicicarril&#8230;<\/figcaption><\/figure>\n<p>Los m\u00e1s impactados y agradecidos son los l\u00edderes comunales de los barrios San Pablo, Boh\u00edos, El Portal , Batavia, Para\u00edso, Bah\u00eda Solano, Prados de la Alameda, Puente Grande, Kasandra y El Chircal, que tuvieron que soportar a los desesperados conductores de veh\u00edculos particulares, veh\u00edculos pesados y hasta tractomulas, buscando un &#8220;escape&#8221; a los trancones generados.<\/p>\n<p>Inclusive, los habitantes de la Avenida La Esperanza, desde la Avenida Boyac\u00e1 al occidente, vieron como la carga pesada se traslad\u00f3 a ese corredor vial, dejando inclusive fallecida a una biciusuaria en el sector de La Cofrad\u00eda.<\/p>\n<p>En las <strong>pr\u00f3ximas horas, ser\u00e1n removidos los maletines<\/strong> que serparaban a los ciclistas de los veh\u00edculos en la Calle 13.<\/p>\n<p>__________________________________________________________________<\/p>\n<p>Escr\u00edbanos a: correo:\u00a0 radiofontibonfm@gmail.com<\/p>\n<p>Twitter: @fontibonfm<\/p>\n<p>Facebook: Fontib\u00f3n en Comunidad<\/p>\n<p>Instagram: @radiofontibonfm<\/p>\n<p>__________________________________________________________________<\/p>\n<p>&nbsp;<\/p>\n<p>&nbsp;<\/p>\n<p>&nbsp;<\/p>\n<\/div>\n<\/div>\n<\/div>\n<p>&nbsp;<\/p>\n<p>&nbsp;<\/p>\n","protected":false},"excerpt":{"rendered":"<p>En las \u00faltimas horas se supo del reconocimiento y falta de planeaci\u00f3n de la Secretar\u00eda de Movilidad, al intentar imponer una ciclo ruta por la calle 13, que s\u00f3lo dej\u00f3 caos y malestar de la comunidad. La verdad fue un experimento que perjudic\u00f3 en gran manera a los residentes de los barrios occidentales de Fontib\u00f3n, [&hellip;]<\/p>\n","protected":false},"author":1,"featured_media":1657,"comment_status":"closed","ping_status":"closed","sticky":false,"template":"","format":"standard","meta":{"footnotes":""},"categories":[5],"tags":[40,114,213,98,62,126,171,95,91,119,94],"class_list":["post-1886","post","type-post","status-publish","format-standard","has-post-thumbnail","hentry","category-localidad","tag-bogota","tag-bogota-medioambiente","tag-calle13","tag-claudia-lopez","tag-claudialopez","tag-concejodebogota","tag-contraloria","tag-idpac","tag-juntascomunales","tag-participacion","tag-participacionbogota"],"_links":{"self":[{"href":"https:\/\/nuevofontibon.com\/index.php?rest_route=\/wp\/v2\/posts\/1886","targetHints":{"allow":["GET"]}}],"collection":[{"href":"https:\/\/nuevofontibon.com\/index.php?rest_route=\/wp\/v2\/posts"}],"about":[{"href":"https:\/\/nuevofontibon.com\/index.php?rest_route=\/wp\/v2\/types\/post"}],"author":[{"embeddable":true,"href":"https:\/\/nuevofontibon.com\/index.php?rest_route=\/wp\/v2\/users\/1"}],"replies":[{"embeddable":true,"href":"https:\/\/nuevofontibon.com\/index.php?rest_route=%2Fwp%2Fv2%2Fcomments&post=1886"}],"version-history":[{"count":0,"href":"https:\/\/nuevofontibon.com\/index.php?rest_route=\/wp\/v2\/posts\/1886\/revisions"}],"wp:featuredmedia":[{"embeddable":true,"href":"https:\/\/nuevofontibon.com\/index.php?rest_route=\/wp\/v2\/media\/1657"}],"wp:attachment":[{"href":"https:\/\/nuevofontibon.com\/index.php?rest_route=%2Fwp%2Fv2%2Fmedia&parent=1886"}],"wp:term":[{"taxonomy":"category","embeddable":true,"href":"https:\/\/nuevofontibon.com\/index.php?rest_route=%2Fwp%2Fv2%2Fcategories&post=1886"},{"taxonomy":"post_tag","embeddable":true,"href":"https:\/\/nuevofontibon.com\/index.php?rest_route=%2Fwp%2Fv2%2Ftags&post=1886"}],"curies":[{"name":"wp","href":"https:\/\/api.w.org\/{rel}","templated":true}]}}