{"id":1852,"date":"2020-11-18T15:04:12","date_gmt":"2020-11-18T20:04:12","guid":{"rendered":"https:\/\/nuevofontibon.com\/?p=1852"},"modified":"2020-11-18T15:04:12","modified_gmt":"2020-11-18T20:04:12","slug":"andres-castro-franco-es-el-nuevo-contralor-de-bogota","status":"publish","type":"post","link":"https:\/\/nuevofontibon.com\/?p=1852","title":{"rendered":"Andr\u00e9s Castro Franco es el nuevo Contralor de Bogot\u00e1"},"content":{"rendered":"<p><strong>Andr\u00e9s Castro Franco<\/strong>, fue elegido como nuevo Contralor de Bogot\u00e1 por 26 de los 45 concejales de la Ciudad, quien s\u00f3lo estar\u00e1 en el cargo por un a\u00f1o, es decir, hasta el 28 de febrero de 2022.<\/p>\n<figure id=\"attachment_1853\" aria-describedby=\"caption-attachment-1853\" style=\"width: 512px\" class=\"wp-caption aligncenter\"><img loading=\"lazy\" decoding=\"async\" class=\"wp-image-1853 size-full\" src=\"https:\/\/nuevofontibon.com\/wp-content\/uploads\/2020\/11\/andres-contra.jpg\" alt=\"Andr\u00e9s Castro Forero, nuevo Contralor de Bogot\u00e1\" width=\"512\" height=\"384\" srcset=\"https:\/\/nuevofontibon.com\/wp-content\/uploads\/2020\/11\/andres-contra.jpg 512w, https:\/\/nuevofontibon.com\/wp-content\/uploads\/2020\/11\/andres-contra-300x225.jpg 300w, https:\/\/nuevofontibon.com\/wp-content\/uploads\/2020\/11\/andres-contra-80x60.jpg 80w, https:\/\/nuevofontibon.com\/wp-content\/uploads\/2020\/11\/andres-contra-265x198.jpg 265w\" sizes=\"auto, (max-width: 512px) 100vw, 512px\" \/><figcaption id=\"caption-attachment-1853\" class=\"wp-caption-text\">Andr\u00e9s Castro Forero, nuevo Contralor de Bogot\u00e1<\/figcaption><\/figure>\n<p>El nuevo <strong>Contralor de Bogot\u00e1<\/strong>, tiene una amplia carrera administrativa y sac\u00f3 el mayor puntaje en los ex\u00e1menes presentados en la Universidad Nacional frente a cerca de 170 inscritos como aspirantes al cargo<\/p>\n<p>Andr\u00e9s Castro, en total obtuvo 26 votos, frente a 13 de <strong>H\u00e9ctor Julio Garz\u00f3n Vivas<\/strong> y cuatro votos en blanco. Susana Muhamad y <strong>Mar\u00eda Fernanda Rojas<\/strong> no pudieron participar, al estar impedidas por tener investigaciones en curso en la Contralor\u00eda.<\/p>\n<p class=\"font--secondary\">La Contralor\u00eda Distrital este a\u00f1o manej\u00f3 un presupuesto de $170.000 millones y una n\u00f3mina de 1.045 empleados (20 % de libre nombramiento) y al menos 200 contratistas.<\/p>\n<figure id=\"attachment_1855\" aria-describedby=\"caption-attachment-1855\" style=\"width: 1200px\" class=\"wp-caption alignnone\"><img loading=\"lazy\" decoding=\"async\" class=\"wp-image-1855 size-full\" src=\"https:\/\/nuevofontibon.com\/wp-content\/uploads\/2020\/11\/ANDRES-FRANCO-1.jpg\" alt=\"\" width=\"1200\" height=\"900\" srcset=\"https:\/\/nuevofontibon.com\/wp-content\/uploads\/2020\/11\/ANDRES-FRANCO-1.jpg 1200w, https:\/\/nuevofontibon.com\/wp-content\/uploads\/2020\/11\/ANDRES-FRANCO-1-300x225.jpg 300w, https:\/\/nuevofontibon.com\/wp-content\/uploads\/2020\/11\/ANDRES-FRANCO-1-1024x768.jpg 1024w, https:\/\/nuevofontibon.com\/wp-content\/uploads\/2020\/11\/ANDRES-FRANCO-1-768x576.jpg 768w, https:\/\/nuevofontibon.com\/wp-content\/uploads\/2020\/11\/ANDRES-FRANCO-1-80x60.jpg 80w, https:\/\/nuevofontibon.com\/wp-content\/uploads\/2020\/11\/ANDRES-FRANCO-1-265x198.jpg 265w, https:\/\/nuevofontibon.com\/wp-content\/uploads\/2020\/11\/ANDRES-FRANCO-1-696x522.jpg 696w, https:\/\/nuevofontibon.com\/wp-content\/uploads\/2020\/11\/ANDRES-FRANCO-1-1068x801.jpg 1068w, https:\/\/nuevofontibon.com\/wp-content\/uploads\/2020\/11\/ANDRES-FRANCO-1-560x420.jpg 560w\" sizes=\"auto, (max-width: 1200px) 100vw, 1200px\" \/><figcaption id=\"caption-attachment-1855\" class=\"wp-caption-text\">El nuevo Contralor en una de las actividades como Contralor Auxiliar de Bogot\u00e1<\/figcaption><\/figure>\n<p>Durante la entrevista con el Concejo de Bogot\u00e1, a <strong>Andr\u00e9s Castro<\/strong>, fue a quien fue el candidato al que m\u00e1s preguntas le hicieron. En total fueron 20, frente a 12 que le hicieron a Carlos Enrique Campillo y siete a H\u00e9ctor Julio Garz\u00f3n Vivas, quienes integraban la terna.<\/p>\n<p>En muchas de las preguntas le resaltaron a Franco su relaci\u00f3n con el excontralor <strong>Juan Carlos Granados<\/strong> (investigado en el caso Odebrecht), de quien fue contralor auxiliar, y el haber trabajado en la Personer\u00eda en la \u00e9poca del condenado personero <strong>Francisco Rojas Birry<\/strong>. A pesar de esto y de que varios pidieron que no lo eligieran, al final se impuso la mayor\u00eda.<\/p>\n<p>La bancada del POLO decidi\u00f3 votar en Blanco, mientras que las concejales <strong>Mar\u00eda Fernanda Rojas<\/strong> del Partido Verde y <strong>Susana Mohamad<\/strong> se delararon impedidas por tener investigaciones en curso en esa entidad.<\/p>\n<p>De otro lado, algunos concejales del Partido Verde y mar\u00eda <strong>Victoria Vargas Silva<\/strong> del Partido Liberal no ratificaron la elecci\u00f3n de Andr\u00e9s Castro.<\/p>\n<p>Por su parte, el presidente del Concejo <strong>Carlos Fernando Gal\u00e1n<\/strong>, quien vot\u00f3 por H\u00e9ctor Julio Garz\u00f3n Vivas, defendi\u00f3 la elecci\u00f3n del nuevo Contralor y dijo que no se pod\u00edan mezclar los problemas personales ni hacer relaciones de sangre o laborales.<\/p>\n<figure id=\"attachment_1854\" aria-describedby=\"caption-attachment-1854\" style=\"width: 1280px\" class=\"wp-caption alignnone\"><img loading=\"lazy\" decoding=\"async\" class=\"wp-image-1854 size-full\" src=\"https:\/\/nuevofontibon.com\/wp-content\/uploads\/2020\/11\/andres-contralor-elgido.jpg\" alt=\"\" width=\"1280\" height=\"853\" srcset=\"https:\/\/nuevofontibon.com\/wp-content\/uploads\/2020\/11\/andres-contralor-elgido.jpg 1280w, https:\/\/nuevofontibon.com\/wp-content\/uploads\/2020\/11\/andres-contralor-elgido-300x200.jpg 300w, https:\/\/nuevofontibon.com\/wp-content\/uploads\/2020\/11\/andres-contralor-elgido-1024x682.jpg 1024w, https:\/\/nuevofontibon.com\/wp-content\/uploads\/2020\/11\/andres-contralor-elgido-768x512.jpg 768w, https:\/\/nuevofontibon.com\/wp-content\/uploads\/2020\/11\/andres-contralor-elgido-696x464.jpg 696w, https:\/\/nuevofontibon.com\/wp-content\/uploads\/2020\/11\/andres-contralor-elgido-1068x712.jpg 1068w, https:\/\/nuevofontibon.com\/wp-content\/uploads\/2020\/11\/andres-contralor-elgido-630x420.jpg 630w\" sizes=\"auto, (max-width: 1280px) 100vw, 1280px\" \/><figcaption id=\"caption-attachment-1854\" class=\"wp-caption-text\">Toma de posesi\u00f3n del Contralor Andr\u00e9s Castro Forero por parte del presidente del Concejo Carlos Fernando Gal\u00e1n.<\/figcaption><\/figure>\n<p>El concejal de Cambio Radical, <strong>Pedro<\/strong> <strong>Juli\u00e1n L\u00f3pez Sierra<\/strong>, dijo que algunos concejales estaban &#8220;politiquiando, haciendo se\u00f1alamientos espurios y mentirosos. No entiende uno para que se hacen esos procesos, s\u00ed los adal\u00edes que est\u00e1n en el Concejo de Bogot\u00e1, tienen la verdad revelada. Pido que deje de hacer pol\u00edtica con el nombre de nosotros mismos. Ya est\u00e1 bien en hacer pol\u00edtica a los hombros en los dem\u00e1s concejales. Hagan pol\u00edtica limpia transparente y seria&#8221; concluy\u00f3 el cabildante.<\/p>\n","protected":false},"excerpt":{"rendered":"<p>Andr\u00e9s Castro Franco, fue elegido como nuevo Contralor de Bogot\u00e1 por 26 de los 45 concejales de la Ciudad, quien s\u00f3lo estar\u00e1 en el cargo por un a\u00f1o, es decir, hasta el 28 de febrero de 2022. El nuevo Contralor de Bogot\u00e1, tiene una amplia carrera administrativa y sac\u00f3 el mayor puntaje en los ex\u00e1menes [&hellip;]<\/p>\n","protected":false},"author":1,"featured_media":1854,"comment_status":"closed","ping_status":"closed","sticky":false,"template":"","format":"standard","meta":{"footnotes":""},"categories":[3],"tags":[40,98,171,222,83,34,41,94],"class_list":["post-1852","post","type-post","status-publish","format-standard","has-post-thumbnail","hentry","category-noticias","tag-bogota","tag-claudia-lopez","tag-contraloria","tag-contraloriabogota","tag-corrupcion","tag-fontibon","tag-franco","tag-participacionbogota"],"_links":{"self":[{"href":"https:\/\/nuevofontibon.com\/index.php?rest_route=\/wp\/v2\/posts\/1852","targetHints":{"allow":["GET"]}}],"collection":[{"href":"https:\/\/nuevofontibon.com\/index.php?rest_route=\/wp\/v2\/posts"}],"about":[{"href":"https:\/\/nuevofontibon.com\/index.php?rest_route=\/wp\/v2\/types\/post"}],"author":[{"embeddable":true,"href":"https:\/\/nuevofontibon.com\/index.php?rest_route=\/wp\/v2\/users\/1"}],"replies":[{"embeddable":true,"href":"https:\/\/nuevofontibon.com\/index.php?rest_route=%2Fwp%2Fv2%2Fcomments&post=1852"}],"version-history":[{"count":0,"href":"https:\/\/nuevofontibon.com\/index.php?rest_route=\/wp\/v2\/posts\/1852\/revisions"}],"wp:featuredmedia":[{"embeddable":true,"href":"https:\/\/nuevofontibon.com\/index.php?rest_route=\/wp\/v2\/media\/1854"}],"wp:attachment":[{"href":"https:\/\/nuevofontibon.com\/index.php?rest_route=%2Fwp%2Fv2%2Fmedia&parent=1852"}],"wp:term":[{"taxonomy":"category","embeddable":true,"href":"https:\/\/nuevofontibon.com\/index.php?rest_route=%2Fwp%2Fv2%2Fcategories&post=1852"},{"taxonomy":"post_tag","embeddable":true,"href":"https:\/\/nuevofontibon.com\/index.php?rest_route=%2Fwp%2Fv2%2Ftags&post=1852"}],"curies":[{"name":"wp","href":"https:\/\/api.w.org\/{rel}","templated":true}]}}