{"id":1646,"date":"2020-10-25T12:21:45","date_gmt":"2020-10-25T17:21:45","guid":{"rendered":"https:\/\/nuevofontibon.com\/?p=1646"},"modified":"2020-10-25T12:39:08","modified_gmt":"2020-10-25T17:39:08","slug":"como-pueden-recibir-ayuda-economica-oficial-los-microempresarios-de-fontibon","status":"publish","type":"post","link":"https:\/\/nuevofontibon.com\/?p=1646","title":{"rendered":"Como pueden recibir ayuda econ\u00f3mica oficial los microempresarios de Fontib\u00f3n"},"content":{"rendered":"<p>Parece que los tiempos dif\u00edciles que vivieron los peque\u00f1os comerciantes e industriales de Fontib\u00f3n llegaron a su fin, con el anunci\u00f3 que hizo el Secretario de Gobierno de Bogot\u00e1, Luis Ernesto G\u00f3mez.<\/p>\n<figure id=\"attachment_1648\" aria-describedby=\"caption-attachment-1648\" style=\"width: 512px\" class=\"wp-caption aligncenter\"><img loading=\"lazy\" decoding=\"async\" class=\"wp-image-1648 size-full\" src=\"https:\/\/nuevofontibon.com\/wp-content\/uploads\/2020\/10\/4.jpg\" alt=\"\" width=\"512\" height=\"342\" srcset=\"https:\/\/nuevofontibon.com\/wp-content\/uploads\/2020\/10\/4.jpg 512w, https:\/\/nuevofontibon.com\/wp-content\/uploads\/2020\/10\/4-300x200.jpg 300w\" sizes=\"auto, (max-width: 512px) 100vw, 512px\" \/><figcaption id=\"caption-attachment-1648\" class=\"wp-caption-text\">Las peque\u00f1as empresas de Fontib\u00f3n que deseen acogerse a este apoyo deben inscribirse virtualmente.<\/figcaption><\/figure>\n<p>Con el nombre #EsMicroEmpresaLocal, la administraci\u00f3n de la ciudad, junto a 16 alcald\u00edas locales buscan a quienes tengan una microempresa y deseen apoyarse, contratar o reingresar trabajadores que despidieron durante la pandemia para que se inscriban en la p\u00e1gina <a href=\"http:\/\/www.bogotalocal.gov.co\/microempresalocal\">www.bogotalocal.gov.co\/microempresalocal<\/a>\u00a0 y se puedan beneficiar de esa opci\u00f3n de ayuda que ofrece la Alcald\u00eda Mayor de Bogot\u00e1.<\/p>\n<p>Seg\u00fan conoci\u00f3 este portal, Fontib\u00f3n har\u00e1 parte de este proyecto, pero intentamos contactarnos con el Alcalde <strong>Carlos Lozada Carvalho<\/strong>, para conocer los recursos destinados para tal fin, pero <strong>no respondi\u00f3 a las llamadas<\/strong> que le hicimos.<\/p>\n<p style=\"font-weight: 400;\">Es as\u00ed que en el marco de la estrategia de reactivaci\u00f3n econ\u00f3mica \u201cBogot\u00e1 LOCAL\u201d, la Secretar\u00eda de Gobierno y las alcald\u00edas locales abrieron la convocatoria \u201cEs Microempresa LOCAL\u201d para\u00a0\u00a0apoyar a los microempresarios m\u00e1s afectados en esta pandemia, a trav\u00e9s de incentivos a la n\u00f3mina que les permitan mantener y\/o vincular a su empresa a mujeres,\u00a0\u00a0j\u00f3venes de 18 a 28 a\u00f1os, y personas mayores de 50 a\u00f1os; pues estas poblaciones presentan la mayor tasa de desempleo, de inactividad y brechas de acceso a las oportunidades laborales en la ciudad.<\/p>\n<figure id=\"attachment_1647\" aria-describedby=\"caption-attachment-1647\" style=\"width: 657px\" class=\"wp-caption aligncenter\"><img loading=\"lazy\" decoding=\"async\" class=\"wp-image-1647 size-full\" src=\"https:\/\/nuevofontibon.com\/wp-content\/uploads\/2020\/10\/3.jpg\" alt=\"\" width=\"657\" height=\"381\" srcset=\"https:\/\/nuevofontibon.com\/wp-content\/uploads\/2020\/10\/3.jpg 657w, https:\/\/nuevofontibon.com\/wp-content\/uploads\/2020\/10\/3-300x174.jpg 300w\" sizes=\"auto, (max-width: 657px) 100vw, 657px\" \/><figcaption id=\"caption-attachment-1647\" class=\"wp-caption-text\">La pandemia, oblig\u00f3 a muchos comerciantes a cerrar sus puertas en algunos casos definitivamente.<\/figcaption><\/figure>\n<p style=\"font-weight: 400;\">Con esta estrategia, se espera subsidiar cerca de 10.000 empleos locales, por seis meses, y as\u00ed brindar un alivio econ\u00f3mico a los peque\u00f1os negocios de los barrios, que constituyen el coraz\u00f3n del tejido productivo de cada localidad.<\/p>\n<p style=\"font-weight: 400;\">\u201cVamos a recuperar los negocios. Hemos protegido la vida y la salud, porque es lo \u00fanico que no se puede recuperar. Ahora vamos a reconstruir las microempresas y a arrancar de nuevo. Con este programa vamos a ayudar a los microempresarios locales, a los m\u00e1s golpeados y a los que m\u00e1s se la han guerreado, a pararse de nuevo. Agradecemos su solidaridad y su esfuerzo para mantener los empleos y con esto buscamos aliviar la carga\u201d, indic\u00f3, <strong>Luis Ernesto G\u00f3mez<\/strong>, secretario de Gobierno<\/p>\n<p style=\"font-weight: 400;\">Ser\u00e1n 57 mil millones de pesos invertidos por las alcald\u00edas locales para la recuperaci\u00f3n econ\u00f3mica de los peque\u00f1os negocios de los barrios. Estos recursos son una parte de los $276 mil millones de pesos que se invertir\u00e1n en el marco de la estrategia \u201cBogot\u00e1 LOCAL\u201d para la <strong>reactivaci\u00f3n de diferentes sectores econ\u00f3micos<\/strong>, teniendo en cuenta las particularidades del tejido productivo y social de cada localidad.<\/p>\n<p style=\"font-weight: 400;\">Las tiendas, las panader\u00edas, las peluquer\u00edas, los comercios, las peque\u00f1as industrias y dem\u00e1s microempresas de las localidades de Usaqu\u00e9n, Chapinero, Santa Fe, San Crist\u00f3bal, Bosa, Kennedy, <strong>Fontib\u00f3n<\/strong>, Engativ\u00e1, Suba, Barrios Unidos, Teusaquillo, Los M\u00e1rtires, Antonio Nari\u00f1o, Puente Aranda, La Candelaria y Rafael Uribe, interesadas en participar, deben postularse en el portal arriba enunciado.<\/p>\n<figure id=\"attachment_1649\" aria-describedby=\"caption-attachment-1649\" style=\"width: 1024px\" class=\"wp-caption aligncenter\"><img loading=\"lazy\" decoding=\"async\" class=\"wp-image-1649 size-full\" src=\"https:\/\/nuevofontibon.com\/wp-content\/uploads\/2020\/10\/1.jpeg\" alt=\"\" width=\"1024\" height=\"682\" srcset=\"https:\/\/nuevofontibon.com\/wp-content\/uploads\/2020\/10\/1.jpeg 1024w, https:\/\/nuevofontibon.com\/wp-content\/uploads\/2020\/10\/1-300x200.jpeg 300w, https:\/\/nuevofontibon.com\/wp-content\/uploads\/2020\/10\/1-768x512.jpeg 768w, https:\/\/nuevofontibon.com\/wp-content\/uploads\/2020\/10\/1-696x464.jpeg 696w, https:\/\/nuevofontibon.com\/wp-content\/uploads\/2020\/10\/1-631x420.jpeg 631w\" sizes=\"auto, (max-width: 1024px) 100vw, 1024px\" \/><figcaption id=\"caption-attachment-1649\" class=\"wp-caption-text\">El Secretario de Gobierno de Bogot\u00e1, Luis Ernesto G\u00f3mez, divulg\u00f3 la noticia entre los comerciantes y peque\u00f1os industriales de la ciudad.<\/figcaption><\/figure>\n<p style=\"font-weight: 400;\">Los incentivos a las microempresas seleccionadas consisten en el pago de un (1) SMMLV, sin prestaciones legales, por seis (6) meses, por cada trabajador joven (18 a 28 a\u00f1os) y\/o mujer y\/o mayor de 50 a\u00f1os vinculado por n\u00f3mina. En el caso de que el salario pactado con el trabajador sea superior a 1 SMMLV, el empresario asumir\u00e1 esta diferencia. Cada microempresa podr\u00e1 acceder a m\u00e1ximo cuatro incentivos, correspondientes a cuatro trabajadores.<\/p>\n<p style=\"font-weight: 400;\">Para postularse, las microempresas deber\u00e1n cumplir las siguientes condiciones:<\/p>\n<ol>\n<li style=\"font-weight: 400;\">Estar registrada en la C\u00e1mara de Comercio de Bogot\u00e1<\/li>\n<li style=\"font-weight: 400;\">Tener un m\u00ednimo de 6 meses de constituida<\/li>\n<li style=\"font-weight: 400;\">Evidenciar ingresos para el a\u00f1o 2019 inferiores a: $ 839.007.741 si es Sector Manufacturero; $ 1.174.603.716 si es Sector Servicios; y $ 1.594.089.783 si es Sector Comercio<\/li>\n<li style=\"font-weight: 400;\">Acreditar la direcci\u00f3n de la localidad priorizada a la que va aplicar.<\/li>\n<li style=\"font-weight: 400;\">Comprometerse a contratar o mantener los puestos de trabajo de trabajadores j\u00f3venes (entre 18 y 28 a\u00f1os), mayores de 50 a\u00f1os y de trabajadoras mujeres, asumiendo el pago de prestaciones sociales correspondientes a estos empleos, por un periodo m\u00ednimo de 6 meses.<\/li>\n<\/ol>\n<p style=\"font-weight: 400;\">Una vez presentados los documentos de postulaci\u00f3n, estos <strong>ser\u00e1n revisados por los asesores<\/strong> de Compensar, <strong>operador del programa<\/strong>, quienes determinar\u00e1n si la empresa cumple con los requisitos de participaci\u00f3n. Si cumple con los requisitos para ser beneficiaria del programa \u201cEs Microempresa\u201d.<\/p>\n<p>___________________________________________________________<\/p>\n<p>Escr\u00edbanos a: radiofontibonfm@gmail.com<\/p>\n<p><strong>Twitter:<\/strong> @fontibonfm<\/p>\n<p><strong>Instagram:<\/strong> @radiofontibonfm<\/p>\n<p><strong>Facebook:<\/strong> Fontib\u00f3n en Comunidad<\/p>\n<p>&nbsp;<\/p>\n<p>&nbsp;<\/p>\n","protected":false},"excerpt":{"rendered":"<p>Parece que los tiempos dif\u00edciles que vivieron los peque\u00f1os comerciantes e industriales de Fontib\u00f3n llegaron a su fin, con el anunci\u00f3 que hizo el Secretario de Gobierno de Bogot\u00e1, Luis Ernesto G\u00f3mez. Con el nombre #EsMicroEmpresaLocal, la administraci\u00f3n de la ciudad, junto a 16 alcald\u00edas locales buscan a quienes tengan una microempresa y deseen apoyarse, [&hellip;]<\/p>\n","protected":false},"author":1,"featured_media":1648,"comment_status":"closed","ping_status":"closed","sticky":false,"template":"","format":"standard","meta":{"footnotes":""},"categories":[5],"tags":[74,40,62,207,34,103,143,208,97,125],"class_list":["post-1646","post","type-post","status-publish","format-standard","has-post-thumbnail","hentry","category-localidad","tag-alcaldelocal","tag-bogota","tag-claudialopez","tag-esmicroempresalocal","tag-fontibon","tag-fontibon-alcaldelocal","tag-medioscomunitarios","tag-microempresalocal","tag-pandemia","tag-covid19"],"_links":{"self":[{"href":"https:\/\/nuevofontibon.com\/index.php?rest_route=\/wp\/v2\/posts\/1646","targetHints":{"allow":["GET"]}}],"collection":[{"href":"https:\/\/nuevofontibon.com\/index.php?rest_route=\/wp\/v2\/posts"}],"about":[{"href":"https:\/\/nuevofontibon.com\/index.php?rest_route=\/wp\/v2\/types\/post"}],"author":[{"embeddable":true,"href":"https:\/\/nuevofontibon.com\/index.php?rest_route=\/wp\/v2\/users\/1"}],"replies":[{"embeddable":true,"href":"https:\/\/nuevofontibon.com\/index.php?rest_route=%2Fwp%2Fv2%2Fcomments&post=1646"}],"version-history":[{"count":0,"href":"https:\/\/nuevofontibon.com\/index.php?rest_route=\/wp\/v2\/posts\/1646\/revisions"}],"wp:featuredmedia":[{"embeddable":true,"href":"https:\/\/nuevofontibon.com\/index.php?rest_route=\/wp\/v2\/media\/1648"}],"wp:attachment":[{"href":"https:\/\/nuevofontibon.com\/index.php?rest_route=%2Fwp%2Fv2%2Fmedia&parent=1646"}],"wp:term":[{"taxonomy":"category","embeddable":true,"href":"https:\/\/nuevofontibon.com\/index.php?rest_route=%2Fwp%2Fv2%2Fcategories&post=1646"},{"taxonomy":"post_tag","embeddable":true,"href":"https:\/\/nuevofontibon.com\/index.php?rest_route=%2Fwp%2Fv2%2Ftags&post=1646"}],"curies":[{"name":"wp","href":"https:\/\/api.w.org\/{rel}","templated":true}]}}