{"id":1581,"date":"2020-08-24T20:00:07","date_gmt":"2020-08-25T01:00:07","guid":{"rendered":"https:\/\/nuevofontibon.com\/?p=1581"},"modified":"2020-08-24T20:09:58","modified_gmt":"2020-08-25T01:09:58","slug":"asi-se-reactivara-bogota-dia-por-dia-en-diferentes-sectores","status":"publish","type":"post","link":"https:\/\/nuevofontibon.com\/?p=1581","title":{"rendered":"As\u00ed se reactivar\u00e1 Bogot\u00e1, d\u00eda por d\u00eda en diferentes sectores"},"content":{"rendered":"<p>En rueda de prensa, <span class=\"css-901oao css-16my406 r-1qd0xha r-ad9z0x r-bcqeeo r-qvutc0\">La alcaldesa Claudia L\u00f3pez <\/span>dijo que nadie falleci\u00f3 en Bogota por falta de atenci\u00f3n, no colaps\u00f3 el sistema hospitalario de la ciudad gracias a las cuarentenas estrictas por sectores. A\u00f1adi\u00f3 que si no se hubieran tomado medidas, estar\u00edamos hablando de 40 mil muertos por esta pandemia en la ciudad de Bogot\u00e1.<\/p>\n<figure id=\"attachment_1579\" aria-describedby=\"caption-attachment-1579\" style=\"width: 1280px\" class=\"wp-caption alignnone\"><img loading=\"lazy\" decoding=\"async\" class=\"wp-image-1579 size-full\" src=\"https:\/\/nuevofontibon.com\/wp-content\/uploads\/2020\/08\/2.jpeg\" alt=\"\" width=\"1280\" height=\"851\" srcset=\"https:\/\/nuevofontibon.com\/wp-content\/uploads\/2020\/08\/2.jpeg 1280w, https:\/\/nuevofontibon.com\/wp-content\/uploads\/2020\/08\/2-300x199.jpeg 300w, https:\/\/nuevofontibon.com\/wp-content\/uploads\/2020\/08\/2-1024x681.jpeg 1024w, https:\/\/nuevofontibon.com\/wp-content\/uploads\/2020\/08\/2-768x511.jpeg 768w, https:\/\/nuevofontibon.com\/wp-content\/uploads\/2020\/08\/2-696x463.jpeg 696w, https:\/\/nuevofontibon.com\/wp-content\/uploads\/2020\/08\/2-1068x710.jpeg 1068w, https:\/\/nuevofontibon.com\/wp-content\/uploads\/2020\/08\/2-632x420.jpeg 632w\" sizes=\"auto, (max-width: 1280px) 100vw, 1280px\" \/><figcaption id=\"caption-attachment-1579\" class=\"wp-caption-text\">Claudia L\u00f3pez, anunci\u00f3 que la ciudad va a retomar sus actividades bajo estricto cuidado de todos los ciudadanos.<\/figcaption><\/figure>\n<p>Seg\u00fan la mandatia, <span class=\"css-901oao css-16my406 r-1qd0xha r-ad9z0x r-bcqeeo r-qvutc0\">Para la alcaldesa <\/span><span class=\"css-901oao css-16my406 r-1qd0xha r-ad9z0x r-bcqeeo r-qvutc0\"> se ha pasado el primer pico de la pandemia y ahora &#8220;queremos volver a la nueva normalidad, en la que los ni\u00f1os y j\u00f3venes ser\u00e1n la prioridad&#8221;.<\/span><\/p>\n<p><span class=\"css-901oao css-16my406 r-1qd0xha r-ad9z0x r-bcqeeo r-qvutc0\">La alcaldesa, <\/span>dijo que en s\u00f3lo 3 semanas de julio se dispar\u00f3 la pandemia y gracias a las cuarentenas sectorizadas se logr\u00f3 bajar la velocidad e inclusive en los \u00faltimos d\u00edas la ocupaci\u00f3n de las UCIs.<\/p>\n<p>Destac\u00f3 el esfuerzo que hizo la localidad de Kennedy y que \u00e9sta hab\u00eda sido la m\u00e1s afectada. Igualmente <span class=\"css-901oao css-16my406 r-1qd0xha r-ad9z0x r-bcqeeo r-qvutc0\">dijo que se levanta la cuarentena estricta de Puente Aranda y Antonio Nari\u00f1o en la noche del lunes y todas terminar\u00e1n el mi\u00e9rcoles 26 a la media noche, es decir, Usaqu\u00e9n, Chapinero, Teusaquillo, Santafe y La Candelaria.<\/span><\/p>\n<figure id=\"attachment_1584\" aria-describedby=\"caption-attachment-1584\" style=\"width: 1280px\" class=\"wp-caption alignnone\"><img loading=\"lazy\" decoding=\"async\" class=\"wp-image-1584 size-full\" src=\"https:\/\/nuevofontibon.com\/wp-content\/uploads\/2020\/08\/1.jpeg\" alt=\"\" width=\"1280\" height=\"851\" srcset=\"https:\/\/nuevofontibon.com\/wp-content\/uploads\/2020\/08\/1.jpeg 1280w, https:\/\/nuevofontibon.com\/wp-content\/uploads\/2020\/08\/1-300x199.jpeg 300w, https:\/\/nuevofontibon.com\/wp-content\/uploads\/2020\/08\/1-1024x681.jpeg 1024w, https:\/\/nuevofontibon.com\/wp-content\/uploads\/2020\/08\/1-768x511.jpeg 768w, https:\/\/nuevofontibon.com\/wp-content\/uploads\/2020\/08\/1-696x463.jpeg 696w, https:\/\/nuevofontibon.com\/wp-content\/uploads\/2020\/08\/1-1068x710.jpeg 1068w, https:\/\/nuevofontibon.com\/wp-content\/uploads\/2020\/08\/1-632x420.jpeg 632w\" sizes=\"auto, (max-width: 1280px) 100vw, 1280px\" \/><figcaption id=\"caption-attachment-1584\" class=\"wp-caption-text\">Claud\u00eda L\u00f3pez, anunciando como se va a reabrir paso a paso la ciudad.<\/figcaption><\/figure>\n<p><span class=\"css-901oao css-16my406 r-1qd0xha r-ad9z0x r-bcqeeo r-qvutc0\">L\u00f3pez <\/span>dijo que se debe planear un retorno a los colegios de manera gradual previos acuerdos conlos padres de familia.<\/p>\n<p><span class=\"css-901oao css-16my406 r-1qd0xha r-ad9z0x r-bcqeeo r-qvutc0\">La mandatar\u00eda, <\/span><span class=\"css-901oao css-16my406 r-1qd0xha r-ad9z0x r-bcqeeo r-qvutc0\">dijo que es necesario socializar, trabajar y estudiar pero advirtiendo que Bogot\u00e1 tiene un cupo epidemol\u00f3gico y todas las actividades de la ciudad no se deben ni pueden hacer el mismo d\u00eda. Para la alcaldesa, <\/span>cualquier aglomeraci\u00f3n puede disparar el contagio en la ciudad.<\/p>\n<p><strong>&#8220;NUEVOS RETOS&#8221;<\/strong><\/p>\n<p>Bogot\u00e1 se aprende a mover para que, por turnos y horarios, los diferentes sectores puedan tener actividades de manera controlada garantizando un funcionamiento de la ciudad sin aglomeraciones y manteniendo la cultura ciudadana. Por eso, la alcaldesa se\u00f1al\u00f3 que las medidas de la Nueva Realidad incluyen una reactivaci\u00f3n econ\u00f3mica bajo el modelo 4&#215;4:<\/p>\n<ul>\n<li><strong>Lunes a domingo:<\/strong> funcionar\u00e1n las actividades esenciales sin l\u00edmite de horario. La construcci\u00f3n seguir\u00e1 funcionando de lunes a s\u00e1bado despu\u00e9s de 10 a.m. De igual manera, las oficinas y servicios profesionales, funcionar\u00e1n estos d\u00edas, excepto los jueves, con pr\u00e1cticas de teletrabajo al 70%.<\/li>\n<li><strong>Lunes a jueves:<\/strong> funcionar\u00e1n las actividades productivas sin contacto con clientes. La manufactura y comercio al por mayor, tambi\u00e9n operar\u00e1 de lunes a jueves despu\u00e9s de las 10 a.m. En las noches, a partir de las 7 p.m. podr\u00e1n darse pilotos comerciales de Bogot\u00e1 Despierta.<\/li>\n<li><strong>Jueves a domingo:<\/strong> funcionar\u00e1n actividades de comercio al por menor y servicios de contacto con p\u00fablico, como restaurantes, lavander\u00edas, peluquer\u00edas, etc. Tambi\u00e9n se retomar\u00e1n actividades culturales y recreativas al aire libre como la ciclov\u00eda, los parques y los senderos.<\/li>\n<\/ul>\n<p>Los restaurantes podr\u00e1n funcionar con un 25% de su aforo en recinto cerrado y con la estrategia de Bogot\u00e1 a Cielo Abierto.<\/p>\n<p>Por su parte, el plan piloto de la operaci\u00f3n del Aeropuerto El Dorado comenzar\u00e1 la primera semana de septiembre con 14 rutas nacionales y prev\u00e9 un funcionamiento al 12% del potencial de pasajeros. A la par se reactiva el sector de hoteler\u00eda y turismo, sus espacios com\u00fanes no deber\u00e1n ser usado a m\u00e1s de un 35% de aforo.<\/p>\n<p>Con relaci\u00f3n a la operaci\u00f3n de TransMilenio la alcaldesa inform\u00f3 que se levanta el l\u00edmite de ocupaci\u00f3n del 35%. Se estima que en el modelo de nueva realidad el sistema tendr\u00e1 una ocupaci\u00f3n promedio del 50%. Tambi\u00e9n indic\u00f3 que en adelante todos los buses del sistema deben operar con las ventanas y espacios de ventilaci\u00f3n abiertos, y los usuarios deben ir con su tapabocas bien puesto todo el tiempo y no hablar por\u00a0 celular.<\/p>\n<p>Este es el cuadro y resumen de como se mover\u00eda la ciudad en los pr\u00f3ximos d\u00edas.<\/p>\n<p><img loading=\"lazy\" decoding=\"async\" class=\"alignnone size-full wp-image-1585\" src=\"https:\/\/nuevofontibon.com\/wp-content\/uploads\/2020\/08\/3.jpg\" alt=\"\" width=\"1280\" height=\"722\" srcset=\"https:\/\/nuevofontibon.com\/wp-content\/uploads\/2020\/08\/3.jpg 1280w, https:\/\/nuevofontibon.com\/wp-content\/uploads\/2020\/08\/3-300x169.jpg 300w, https:\/\/nuevofontibon.com\/wp-content\/uploads\/2020\/08\/3-1024x578.jpg 1024w, https:\/\/nuevofontibon.com\/wp-content\/uploads\/2020\/08\/3-768x433.jpg 768w, https:\/\/nuevofontibon.com\/wp-content\/uploads\/2020\/08\/3-696x393.jpg 696w, https:\/\/nuevofontibon.com\/wp-content\/uploads\/2020\/08\/3-1068x602.jpg 1068w, https:\/\/nuevofontibon.com\/wp-content\/uploads\/2020\/08\/3-745x420.jpg 745w\" sizes=\"auto, (max-width: 1280px) 100vw, 1280px\" \/><\/p>\n<div class=\"mceTemp\"><\/div>\n","protected":false},"excerpt":{"rendered":"<p>En rueda de prensa, La alcaldesa Claudia L\u00f3pez dijo que nadie falleci\u00f3 en Bogota por falta de atenci\u00f3n, no colaps\u00f3 el sistema hospitalario de la ciudad gracias a las cuarentenas estrictas por sectores. A\u00f1adi\u00f3 que si no se hubieran tomado medidas, estar\u00edamos hablando de 40 mil muertos por esta pandemia en la ciudad de Bogot\u00e1. [&hellip;]<\/p>\n","protected":false},"author":1,"featured_media":1579,"comment_status":"closed","ping_status":"closed","sticky":false,"template":"","format":"standard","meta":{"footnotes":""},"categories":[4],"tags":[197,40,195,34,97,196,123,125],"class_list":["post-1581","post","type-post","status-publish","format-standard","has-post-thumbnail","hentry","category-bogota","tag-antonionarino","tag-bogota","tag-economia","tag-fontibon","tag-pandemia","tag-puentearanda","tag-salud","tag-covid19"],"_links":{"self":[{"href":"https:\/\/nuevofontibon.com\/index.php?rest_route=\/wp\/v2\/posts\/1581","targetHints":{"allow":["GET"]}}],"collection":[{"href":"https:\/\/nuevofontibon.com\/index.php?rest_route=\/wp\/v2\/posts"}],"about":[{"href":"https:\/\/nuevofontibon.com\/index.php?rest_route=\/wp\/v2\/types\/post"}],"author":[{"embeddable":true,"href":"https:\/\/nuevofontibon.com\/index.php?rest_route=\/wp\/v2\/users\/1"}],"replies":[{"embeddable":true,"href":"https:\/\/nuevofontibon.com\/index.php?rest_route=%2Fwp%2Fv2%2Fcomments&post=1581"}],"version-history":[{"count":0,"href":"https:\/\/nuevofontibon.com\/index.php?rest_route=\/wp\/v2\/posts\/1581\/revisions"}],"wp:featuredmedia":[{"embeddable":true,"href":"https:\/\/nuevofontibon.com\/index.php?rest_route=\/wp\/v2\/media\/1579"}],"wp:attachment":[{"href":"https:\/\/nuevofontibon.com\/index.php?rest_route=%2Fwp%2Fv2%2Fmedia&parent=1581"}],"wp:term":[{"taxonomy":"category","embeddable":true,"href":"https:\/\/nuevofontibon.com\/index.php?rest_route=%2Fwp%2Fv2%2Fcategories&post=1581"},{"taxonomy":"post_tag","embeddable":true,"href":"https:\/\/nuevofontibon.com\/index.php?rest_route=%2Fwp%2Fv2%2Ftags&post=1581"}],"curies":[{"name":"wp","href":"https:\/\/api.w.org\/{rel}","templated":true}]}}