{"id":1549,"date":"2020-08-07T15:28:24","date_gmt":"2020-08-07T20:28:24","guid":{"rendered":"http:\/\/nuevofontibon.com\/?p=1549"},"modified":"2020-08-07T17:18:11","modified_gmt":"2020-08-07T22:18:11","slug":"70-fallecidos-en-los-15-dias-de-cuarentena-estricta-en-fontibon-dejo-el-covid-19","status":"publish","type":"post","link":"https:\/\/nuevofontibon.com\/?p=1549","title":{"rendered":"70 muertos m\u00e1s en Fontib\u00f3n en los 15 d\u00edas de cuarentena estricta dej\u00f3 el c\u00f3vid 19"},"content":{"rendered":"<p>De acuerdo a la \u00faltima informaci\u00f3n entregada por\u00a0 las instancias de la salud en Bogot\u00e1, como <strong>(Saludata)<\/strong> las cifras de\u00a0 muertos y contaminados por covid 19 en Fontib\u00f3n, aumentaron en plena <strong>\u201ccuarentena estricta\u201d<\/strong> establecida por la alcaldesa Claudia L\u00f3pez, entre el <strong>23 de julio y el 6 de agosto<\/strong> del presente a\u00f1o.<\/p>\n<p><img loading=\"lazy\" decoding=\"async\" class=\"size-full wp-image-1550 aligncenter\" src=\"http:\/\/nuevofontibon.com\/wp-content\/uploads\/2020\/08\/COVID3.jpg\" alt=\"\" width=\"643\" height=\"362\" srcset=\"https:\/\/nuevofontibon.com\/wp-content\/uploads\/2020\/08\/COVID3.jpg 643w, https:\/\/nuevofontibon.com\/wp-content\/uploads\/2020\/08\/COVID3-300x169.jpg 300w\" sizes=\"auto, (max-width: 643px) 100vw, 643px\" \/><\/p>\n<p><strong>Veamos las cifras:<\/strong><\/p>\n<p>Al comenzar la cuarentena el 23 de julio, la Localidad, registraba <strong>2.461 personas contagiadas<\/strong>, y al cierre se <strong>lleg\u00f3 a 4.714<\/strong>, es decir creci\u00f3 en un <strong>52.2%.<\/strong> En el caso de los fallecidos, al comenzar el confinamiento, \u00a0<strong>56 familias de la localidad<\/strong>, hab\u00edan perdido a un ser querido, mientras que al finalizar los 15 d\u00edas, se reportaron <strong>70 fallecidos m\u00e1s para un total de 126, aument\u00f3 el \u00a055.5%.<\/strong><\/p>\n<figure id=\"attachment_1551\" aria-describedby=\"caption-attachment-1551\" style=\"width: 950px\" class=\"wp-caption aligncenter\"><img loading=\"lazy\" decoding=\"async\" class=\"wp-image-1551 size-full\" src=\"http:\/\/nuevofontibon.com\/wp-content\/uploads\/2020\/08\/CUARENTENA.jpeg\" alt=\"\" width=\"950\" height=\"475\" srcset=\"https:\/\/nuevofontibon.com\/wp-content\/uploads\/2020\/08\/CUARENTENA.jpeg 950w, https:\/\/nuevofontibon.com\/wp-content\/uploads\/2020\/08\/CUARENTENA-300x150.jpeg 300w, https:\/\/nuevofontibon.com\/wp-content\/uploads\/2020\/08\/CUARENTENA-768x384.jpeg 768w, https:\/\/nuevofontibon.com\/wp-content\/uploads\/2020\/08\/CUARENTENA-696x348.jpeg 696w, https:\/\/nuevofontibon.com\/wp-content\/uploads\/2020\/08\/CUARENTENA-840x420.jpeg 840w\" sizes=\"auto, (max-width: 950px) 100vw, 950px\" \/><figcaption id=\"caption-attachment-1551\" class=\"wp-caption-text\">Por el coraz\u00f3n comercial de la localidad se vio el carro movil, anunciando la cuarentena estricta. (archivo particular)<\/figcaption><\/figure>\n<p>Pese a que la administraci\u00f3n local de Carlos Lozada Carvalho, manifest\u00f3 en un bolet\u00edn de prensa, que el ejercicio hab\u00eda finalizado de manera satisfactoria respecto a las medidas de prevenci\u00f3n y reducci\u00f3n del virus, <strong>las cifras dicen lo contrario.<\/strong><\/p>\n<p>Pese a que varias instituciones del distrito, hicieron presencia en la localidad con operativos de intervenci\u00f3n social y humanitaria, al parecer, ese esfuerzo, no dio resultados.<\/p>\n<p>Seg\u00fan la Alcald\u00eda, en ese periodo de confinamiento, <strong>hicieron 1.932<\/strong> pruebas de c\u00f3vid 19, \u00a0brindaron informaci\u00f3n a 20.509 personas en materia de pedagog\u00eda en bioseguridad, as\u00ed como atendieron a 174 habitantes de calle y a 117 ciudadanos migrantes.<\/p>\n<figure id=\"attachment_1552\" aria-describedby=\"caption-attachment-1552\" style=\"width: 1024px\" class=\"wp-caption aligncenter\"><img loading=\"lazy\" decoding=\"async\" class=\"wp-image-1552 size-full\" src=\"http:\/\/nuevofontibon.com\/wp-content\/uploads\/2020\/08\/covid4.jpg\" alt=\"\" width=\"1024\" height=\"576\" srcset=\"https:\/\/nuevofontibon.com\/wp-content\/uploads\/2020\/08\/covid4.jpg 1024w, https:\/\/nuevofontibon.com\/wp-content\/uploads\/2020\/08\/covid4-300x169.jpg 300w, https:\/\/nuevofontibon.com\/wp-content\/uploads\/2020\/08\/covid4-768x432.jpg 768w, https:\/\/nuevofontibon.com\/wp-content\/uploads\/2020\/08\/covid4-696x392.jpg 696w, https:\/\/nuevofontibon.com\/wp-content\/uploads\/2020\/08\/covid4-747x420.jpg 747w\" sizes=\"auto, (max-width: 1024px) 100vw, 1024px\" \/><figcaption id=\"caption-attachment-1552\" class=\"wp-caption-text\">Las cifras de contagiados aumentaron ostensiblemente en la Localidad de Fontib\u00f3n. (archivo particular)<\/figcaption><\/figure>\n<p>Seg\u00fan la informaci\u00f3n conocida en ese periodo, se impusieron 98 comparendos a quienes salieron a la calle sin tapabocas; a 145 establecimientos de comercio que no se encontraban en las excepciones y realizaron 629 comparendos de tr\u00e1nsito.<\/p>\n<p><strong>\u00bfQU\u00c9 PAS\u00d3?<\/strong><\/p>\n<p>De acuerdo a las informaciones y basados en las opiniones conocidas, este portal puede afirmar que aumento en las cifras, se ha podido dar, debido a la irresponsabilidad de algunos ciudadanos que no atendieron las indicaciones de las autoridades.<\/p>\n<figure id=\"attachment_1553\" aria-describedby=\"caption-attachment-1553\" style=\"width: 950px\" class=\"wp-caption alignnone\"><img loading=\"lazy\" decoding=\"async\" class=\"wp-image-1553 size-full\" src=\"http:\/\/nuevofontibon.com\/wp-content\/uploads\/2020\/08\/CUARENTENA-1a.jpg\" alt=\"\" width=\"950\" height=\"475\" srcset=\"https:\/\/nuevofontibon.com\/wp-content\/uploads\/2020\/08\/CUARENTENA-1a.jpg 950w, https:\/\/nuevofontibon.com\/wp-content\/uploads\/2020\/08\/CUARENTENA-1a-300x150.jpg 300w, https:\/\/nuevofontibon.com\/wp-content\/uploads\/2020\/08\/CUARENTENA-1a-768x384.jpg 768w, https:\/\/nuevofontibon.com\/wp-content\/uploads\/2020\/08\/CUARENTENA-1a-696x348.jpg 696w, https:\/\/nuevofontibon.com\/wp-content\/uploads\/2020\/08\/CUARENTENA-1a-840x420.jpg 840w\" sizes=\"auto, (max-width: 950px) 100vw, 950px\" \/><figcaption id=\"caption-attachment-1553\" class=\"wp-caption-text\">En plena cuarentena estricta y la gente no cree&#8230; (archivo particular)<\/figcaption><\/figure>\n<p>A trav\u00e9s de redes sociales, se conocieron hechos donde inclusive un vendedor informal enfrent\u00f3 a un funcionario de la Secretar\u00eda de Seguridad, aduciendo que sal\u00eda a trabajar porque necesitaba conseguir lo del diario.<\/p>\n<p>En el mismo sentido, se hicieron p\u00fablicas varias im\u00e1genes de personas que sal\u00edan a las calles sin tapabocas y menos tomando el distanciamiento social recomendado en la actualidad.<\/p>\n<p>Tambi\u00e9n llegaron videos algunos j\u00f3venes consumiendo sustancias en varios parques de la Localidad y compartiendo en algunos casos los cigarrillos y bebidas embriagantes entre ellos.<\/p>\n<p>A estas alturas, la situaci\u00f3n es muy preocupante, si se tiene en cuenta que las UCI en la ciudad, est\u00e1n pr\u00e1cticamente en su tope y los contagios siguen aumentando por la irresponsabilidad de algunos fontibonenses.<\/p>\n<p>Al cierre de esta edici\u00f3n, se conoci\u00f3 los rangos de edad de contagio en Fontib\u00f3n:<\/p>\n<p>Entre los 20 a 29 a\u00f1os: 930 personas<\/p>\n<p>Entre los 10 a 19 a\u00f1os: 304 personas<\/p>\n<p>Entre los 0 a 9 a\u00f1os: 194 personas<\/p>\n<p>Total mujeres: 2.369<\/p>\n<p>Total hombres: 2.345<\/p>\n<p>Total recuperados: 2.384<\/p>\n<p>Total casos: 4.741<\/p>\n<p>___________________________________________________________________<\/p>\n<p>&nbsp;<\/p>\n<p><strong>Escr\u00edbanos a:<\/strong> radiofontibonfm<\/p>\n<p><strong>Instagram:<\/strong> @radiofontibonfm<\/p>\n<p><strong>Twitter:<\/strong> @fontibonfm<\/p>\n<p><strong>Fanpage Facebook:<\/strong> Fontib\u00f3n en Comunidad<\/p>\n<p>&nbsp;<\/p>\n","protected":false},"excerpt":{"rendered":"<p>De acuerdo a la \u00faltima informaci\u00f3n entregada por\u00a0 las instancias de la salud en Bogot\u00e1, como (Saludata) las cifras de\u00a0 muertos y contaminados por covid 19 en Fontib\u00f3n, aumentaron en plena \u201ccuarentena estricta\u201d establecida por la alcaldesa Claudia L\u00f3pez, entre el 23 de julio y el 6 de agosto del presente a\u00f1o. Veamos las cifras: [&hellip;]<\/p>\n","protected":false},"author":1,"featured_media":1550,"comment_status":"closed","ping_status":"closed","sticky":false,"template":"","format":"standard","meta":{"footnotes":""},"categories":[5],"tags":[40,192,190,34,194,193,191,123,189],"class_list":["post-1549","post","type-post","status-publish","format-standard","has-post-thumbnail","hentry","category-localidad","tag-bogota","tag-covid19-cuarentena","tag-fonti","tag-fontibon","tag-fonticity","tag-infectados","tag-muertos","tag-salud","tag-fonty"],"_links":{"self":[{"href":"https:\/\/nuevofontibon.com\/index.php?rest_route=\/wp\/v2\/posts\/1549","targetHints":{"allow":["GET"]}}],"collection":[{"href":"https:\/\/nuevofontibon.com\/index.php?rest_route=\/wp\/v2\/posts"}],"about":[{"href":"https:\/\/nuevofontibon.com\/index.php?rest_route=\/wp\/v2\/types\/post"}],"author":[{"embeddable":true,"href":"https:\/\/nuevofontibon.com\/index.php?rest_route=\/wp\/v2\/users\/1"}],"replies":[{"embeddable":true,"href":"https:\/\/nuevofontibon.com\/index.php?rest_route=%2Fwp%2Fv2%2Fcomments&post=1549"}],"version-history":[{"count":0,"href":"https:\/\/nuevofontibon.com\/index.php?rest_route=\/wp\/v2\/posts\/1549\/revisions"}],"wp:featuredmedia":[{"embeddable":true,"href":"https:\/\/nuevofontibon.com\/index.php?rest_route=\/wp\/v2\/media\/1550"}],"wp:attachment":[{"href":"https:\/\/nuevofontibon.com\/index.php?rest_route=%2Fwp%2Fv2%2Fmedia&parent=1549"}],"wp:term":[{"taxonomy":"category","embeddable":true,"href":"https:\/\/nuevofontibon.com\/index.php?rest_route=%2Fwp%2Fv2%2Fcategories&post=1549"},{"taxonomy":"post_tag","embeddable":true,"href":"https:\/\/nuevofontibon.com\/index.php?rest_route=%2Fwp%2Fv2%2Ftags&post=1549"}],"curies":[{"name":"wp","href":"https:\/\/api.w.org\/{rel}","templated":true}]}}