{"id":1472,"date":"2020-07-03T08:02:50","date_gmt":"2020-07-03T13:02:50","guid":{"rendered":"http:\/\/nuevofontibon.com\/?p=1472"},"modified":"2020-07-03T08:00:41","modified_gmt":"2020-07-03T13:00:41","slug":"alcalde-de-fontibon-positivo-para-covid-19","status":"publish","type":"post","link":"https:\/\/nuevofontibon.com\/?p=1472","title":{"rendered":"Negativo para c\u00f3vid 19 Alcalde de Fontib\u00f3n"},"content":{"rendered":"<p>En las \u00faltimas horas se supo que el alcalde de Fontib\u00f3n, Carlos Lozada Carvalho, dio negativo para c\u00f3vid\u00a0 19.<\/p>\n<p>El mandatario local, hab\u00eda tomado la decisi\u00f3n de aislarse preventiva y voluntariamente de las actividades que le implicaban su presencia en diferentes eventos p\u00fablicos.<\/p>\n<figure id=\"attachment_1491\" aria-describedby=\"caption-attachment-1491\" style=\"width: 1920px\" class=\"wp-caption alignnone\"><img loading=\"lazy\" decoding=\"async\" class=\"wp-image-1491 size-full\" src=\"http:\/\/nuevofontibon.com\/wp-content\/uploads\/2020\/06\/portada-covid-1.jpg\" alt=\"\" width=\"1920\" height=\"1024\" srcset=\"https:\/\/nuevofontibon.com\/wp-content\/uploads\/2020\/06\/portada-covid-1.jpg 1920w, https:\/\/nuevofontibon.com\/wp-content\/uploads\/2020\/06\/portada-covid-1-300x160.jpg 300w, https:\/\/nuevofontibon.com\/wp-content\/uploads\/2020\/06\/portada-covid-1-1024x546.jpg 1024w, https:\/\/nuevofontibon.com\/wp-content\/uploads\/2020\/06\/portada-covid-1-768x410.jpg 768w, https:\/\/nuevofontibon.com\/wp-content\/uploads\/2020\/06\/portada-covid-1-1536x819.jpg 1536w, https:\/\/nuevofontibon.com\/wp-content\/uploads\/2020\/06\/portada-covid-1-696x371.jpg 696w, https:\/\/nuevofontibon.com\/wp-content\/uploads\/2020\/06\/portada-covid-1-1068x570.jpg 1068w, https:\/\/nuevofontibon.com\/wp-content\/uploads\/2020\/06\/portada-covid-1-788x420.jpg 788w\" sizes=\"auto, (max-width: 1920px) 100vw, 1920px\" \/><figcaption id=\"caption-attachment-1491\" class=\"wp-caption-text\">Negativo para C\u00f3vid 19 fue el resultado para el Alcalde Local de Fontib\u00f3n.<\/figcaption><\/figure>\n<p>Precisamente, la \u00faltima aparici\u00f3n de Lozada Carvalho, fue en la rendici\u00f3n de cuentas efectuada en la sede de la Junta Administradora Local, donde seg\u00fan \u00e9l solo estaba con 5 personas de la Administraci\u00f3n y el equipo t\u00e9cnico que hac\u00eda la transmisi\u00f3n online.<\/p>\n<p>En dialogo con <strong>RADIO FONTIBON FM<\/strong>, el alcalde, manifest\u00f3 que se le hab\u00edan realizado las pruebas el pasado lunes 22 por parte de su medicina prepagada, pero que a los 8 d\u00edas a\u00fan no conoc\u00eda el resultado.<\/p>\n<p>Sobre el medio d\u00eda de este jueves 2 de julio, le lleg\u00f3 a su correo electr\u00f3nico el resultado con resultado negativo de la prueba.<\/p>\n<figure id=\"attachment_1476\" aria-describedby=\"caption-attachment-1476\" style=\"width: 960px\" class=\"wp-caption alignnone\"><img loading=\"lazy\" decoding=\"async\" class=\"wp-image-1476 size-full\" src=\"http:\/\/nuevofontibon.com\/wp-content\/uploads\/2020\/06\/lozada1.jpg\" alt=\"\" width=\"960\" height=\"640\" srcset=\"https:\/\/nuevofontibon.com\/wp-content\/uploads\/2020\/06\/lozada1.jpg 960w, https:\/\/nuevofontibon.com\/wp-content\/uploads\/2020\/06\/lozada1-300x200.jpg 300w, https:\/\/nuevofontibon.com\/wp-content\/uploads\/2020\/06\/lozada1-768x512.jpg 768w, https:\/\/nuevofontibon.com\/wp-content\/uploads\/2020\/06\/lozada1-696x464.jpg 696w, https:\/\/nuevofontibon.com\/wp-content\/uploads\/2020\/06\/lozada1-630x420.jpg 630w\" sizes=\"auto, (max-width: 960px) 100vw, 960px\" \/><figcaption id=\"caption-attachment-1476\" class=\"wp-caption-text\">Desde su llegada, Carlos Lozada Carvalho, sali\u00f3 a las calles a afrontar diversos problemas. (Foto Alcald\u00eda de Fontib\u00f3n)<\/figcaption><\/figure>\n<p>Lozada Carvalho, dijo en la conversaci\u00f3n que no ten\u00eda ning\u00fan tipo de s\u00edntomas, pero que hab\u00eda estado cercano a algunas personas que hab\u00edan dado positivo para c\u00f3vid 19, raz\u00f3n por la cual y con el fin de prevenir, se &#8220;aisl\u00f3&#8221; en su cuarto, del apartamento en Ciudad Salitre.<\/p>\n<p>El alcalde, coment\u00f3 que se sent\u00eda bien y que no hab\u00eda evidenciado deterioro alguno en su estado de salud, pero con esa decisi\u00f3n y mientras sal\u00edan los resultados, buscaba evitar alg\u00fan riesgo a su esposa y a su progenitora que tiene 69 a\u00f1os y alguna situaci\u00f3n de salud de cuidado.<\/p>\n<p><strong>POSIBLES RIESGOS DE CONTAGIO<\/strong><\/p>\n<p>Como se dijo anteriormente el alcalde Carlos Lozada, estuvo cercano a algunas personas que resultaron positivas para c\u00f3vid 19, pero \u00e9l tambi\u00e9n estuvo llevando mercados en los barrio Kassandra y Villa Andrea, donde seg\u00fan sus propias palabras, hab\u00eda alguna afectaci\u00f3n de contagio.<\/p>\n<p>En concordancia con lo anterior, la Subred Centro Occidente de salud, efectu\u00f3 una toma de 200 muestras en el barrio Kassandra, para buscar la posible propagaci\u00f3n del virus.<\/p>\n<figure id=\"attachment_1477\" aria-describedby=\"caption-attachment-1477\" style=\"width: 920px\" class=\"wp-caption alignnone\"><img loading=\"lazy\" decoding=\"async\" class=\"wp-image-1477 size-full\" src=\"http:\/\/nuevofontibon.com\/wp-content\/uploads\/2020\/06\/rendicion-de-cuentas1.jpg\" alt=\"\" width=\"920\" height=\"456\" srcset=\"https:\/\/nuevofontibon.com\/wp-content\/uploads\/2020\/06\/rendicion-de-cuentas1.jpg 920w, https:\/\/nuevofontibon.com\/wp-content\/uploads\/2020\/06\/rendicion-de-cuentas1-300x149.jpg 300w, https:\/\/nuevofontibon.com\/wp-content\/uploads\/2020\/06\/rendicion-de-cuentas1-768x381.jpg 768w, https:\/\/nuevofontibon.com\/wp-content\/uploads\/2020\/06\/rendicion-de-cuentas1-324x160.jpg 324w, https:\/\/nuevofontibon.com\/wp-content\/uploads\/2020\/06\/rendicion-de-cuentas1-696x345.jpg 696w, https:\/\/nuevofontibon.com\/wp-content\/uploads\/2020\/06\/rendicion-de-cuentas1-847x420.jpg 847w\" sizes=\"auto, (max-width: 920px) 100vw, 920px\" \/><figcaption id=\"caption-attachment-1477\" class=\"wp-caption-text\">Esta es la \u00faltima aparici\u00f3n en p\u00fablico del Alcalde Local, fue en la rendici\u00f3n de cuentas (Foto Alcald\u00eda de Fontib\u00f3n)<\/figcaption><\/figure>\n<p>El alcalde, reci\u00e9n\u00a0 se posesion\u00f3, tuvo que afrontar de\u00a0 frente el problema de la pandemia y debi\u00f3 acudir a varios sectores de Fontib\u00f3n, donde se encontraban asentados algunos venezolanos que quer\u00edan regresar a su pa\u00eds de origen y donde precisamente, y de acuerdo a lo conocido, no estaban guardando los protocolos de bio-seguridad establecidos.<\/p>\n<p>A Lozada Carvalho, tambi\u00e9n se le vio, en varios escenarios &#8220;poniendo la cara&#8221; como en establecimientos de comercio y sensibilizando a vendedores informales y domiciliarios para el autocuidado.<\/p>\n<p>De acuerdo a lo informado por el mandatario local, algunos funcionarios de la Alcald\u00eda de Fontib\u00f3n, est\u00e1n tambi\u00e9n a la espera de resultados, los cuales se tomaron, en Kassandra.<\/p>\n<p>Lozada Carvalho, manifest\u00f3 que <strong>retomar\u00e1 sus actividades<\/strong> de inmediato con las respectivas medidas de bioseguridad priorizando con teletrabajo para \u00e9l y los funcionarios de la Alcald\u00eda Local de Fontib\u00f3n.<\/p>\n<p>Para el entorno pol\u00edtico, social y administrativo exist\u00eda la pregunta \u00bfd\u00f3nde est\u00e1 el alcalde?, pues aqu\u00ed est\u00e1 la respuesta.<\/p>\n<p>____________________________________________________________________<\/p>\n<p>Escr\u00edbanos a: radiofontibonfm<span class=\"\">@gmail.com<\/span><\/p>\n<p><strong>Twitter:<\/strong> @fontibonfm<\/p>\n<p><strong>Instagram:<\/strong> <span class=\"\">@radiofontibonfm<\/span><\/p>\n<p><strong>Facebook:<\/strong> Fontib\u00f3n en Comunidad<\/p>\n<p>&nbsp;<\/p>\n","protected":false},"excerpt":{"rendered":"<p>En las \u00faltimas horas se supo que el alcalde de Fontib\u00f3n, Carlos Lozada Carvalho, dio negativo para c\u00f3vid\u00a0 19. El mandatario local, hab\u00eda tomado la decisi\u00f3n de aislarse preventiva y voluntariamente de las actividades que le implicaban su presencia en diferentes eventos p\u00fablicos. Precisamente, la \u00faltima aparici\u00f3n de Lozada Carvalho, fue en la rendici\u00f3n de [&hellip;]<\/p>\n","protected":false},"author":1,"featured_media":1491,"comment_status":"closed","ping_status":"closed","sticky":false,"template":"","format":"standard","meta":{"footnotes":""},"categories":[5],"tags":[74,155,40,62,96,100,34,97,123,125],"class_list":["post-1472","post","type-post","status-publish","format-standard","has-post-thumbnail","hentry","category-localidad","tag-alcaldelocal","tag-ayudas","tag-bogota","tag-claudialopez","tag-coronavirus","tag-cuarentena","tag-fontibon","tag-pandemia","tag-salud","tag-covid19"],"_links":{"self":[{"href":"https:\/\/nuevofontibon.com\/index.php?rest_route=\/wp\/v2\/posts\/1472","targetHints":{"allow":["GET"]}}],"collection":[{"href":"https:\/\/nuevofontibon.com\/index.php?rest_route=\/wp\/v2\/posts"}],"about":[{"href":"https:\/\/nuevofontibon.com\/index.php?rest_route=\/wp\/v2\/types\/post"}],"author":[{"embeddable":true,"href":"https:\/\/nuevofontibon.com\/index.php?rest_route=\/wp\/v2\/users\/1"}],"replies":[{"embeddable":true,"href":"https:\/\/nuevofontibon.com\/index.php?rest_route=%2Fwp%2Fv2%2Fcomments&post=1472"}],"version-history":[{"count":0,"href":"https:\/\/nuevofontibon.com\/index.php?rest_route=\/wp\/v2\/posts\/1472\/revisions"}],"wp:featuredmedia":[{"embeddable":true,"href":"https:\/\/nuevofontibon.com\/index.php?rest_route=\/wp\/v2\/media\/1491"}],"wp:attachment":[{"href":"https:\/\/nuevofontibon.com\/index.php?rest_route=%2Fwp%2Fv2%2Fmedia&parent=1472"}],"wp:term":[{"taxonomy":"category","embeddable":true,"href":"https:\/\/nuevofontibon.com\/index.php?rest_route=%2Fwp%2Fv2%2Fcategories&post=1472"},{"taxonomy":"post_tag","embeddable":true,"href":"https:\/\/nuevofontibon.com\/index.php?rest_route=%2Fwp%2Fv2%2Ftags&post=1472"}],"curies":[{"name":"wp","href":"https:\/\/api.w.org\/{rel}","templated":true}]}}