{"id":1395,"date":"2020-05-14T15:13:20","date_gmt":"2020-05-14T20:13:20","guid":{"rendered":"http:\/\/nuevofontibon.com\/?p=1395"},"modified":"2020-05-14T17:05:08","modified_gmt":"2020-05-14T22:05:08","slug":"la-cuarentena-mix-un-espacio-radial-para-compartir-y-ganar-en-familia","status":"publish","type":"post","link":"https:\/\/nuevofontibon.com\/?p=1395","title":{"rendered":"La Cuarentena Mix, un espacio radial para compartir y ganar en Familia"},"content":{"rendered":"<div style=\"width: 696px;\" class=\"wp-video\"><video class=\"wp-video-shortcode\" id=\"video-1395-1\" width=\"696\" height=\"464\" preload=\"metadata\" controls=\"controls\"><source type=\"video\/mp4\" src=\"http:\/\/nuevofontibon.com\/wp-content\/uploads\/2020\/05\/BANER-FINAL-LA-CUARENTENA.mp4?_=1\" \/><a href=\"http:\/\/nuevofontibon.com\/wp-content\/uploads\/2020\/05\/BANER-FINAL-LA-CUARENTENA.mp4\">http:\/\/nuevofontibon.com\/wp-content\/uploads\/2020\/05\/BANER-FINAL-LA-CUARENTENA.mp4<\/a><\/video><\/div>\n<p>&nbsp;<\/p>\n<p>&nbsp;<\/p>\n<p>Sigue fortaleci\u00e9ndose la radio virtual comunitaria en la Localidad de Fontib\u00f3n. Y esta vez a trav\u00e9s de <strong>RADIO FONTIBON FM,<\/strong> la primera emisora de la Ciudad.<\/p>\n<p>Noche a noche, llega <strong>Jimmy Rojas<\/strong> el &#8220;Mani&#8221;, cargado de su sabor caribe\u00f1o, acompa\u00f1ado de uno de los mejores dj de Bogot\u00e1, <strong>Daniel Vargas<\/strong> a divertir durante dos horas a la audiencia familiar que se conecta puntualmente.<\/p>\n<p>El magazin, adem\u00e1s trae informaci\u00f3n fresca y ver\u00e1s de los sucesos del d\u00eda, contados de una manera tranquila y diferente a fin de buscar que las familias se salgan momentaneamente del confinamiento que vivimos en la actualidad.<\/p>\n<p>Y durante el desarrollo del programa, noche a noche, <strong>Jimmy<\/strong> presenta diez variadas canciones que ponen a recordar, bailar y concursar a los oyentes quienes ya han ganado premios, espec\u00edficamente en alimentos.<\/p>\n<figure id=\"attachment_1402\" aria-describedby=\"caption-attachment-1402\" style=\"width: 1280px\" class=\"wp-caption alignnone\"><img loading=\"lazy\" decoding=\"async\" class=\"wp-image-1402 size-full\" src=\"http:\/\/nuevofontibon.com\/wp-content\/uploads\/2020\/05\/WhatsApp-Image-2020-05-02-at-8.09.18-PM.jpeg\" alt=\"\" width=\"1280\" height=\"960\" \/><figcaption id=\"caption-attachment-1402\" class=\"wp-caption-text\">Aqu\u00ed una de las familias ganadoras de premios y que a la vez se unieron con un prop\u00f3sito: trabajar en equipo.<\/figcaption><\/figure>\n<p>El programa, tambi\u00e9n cuenta con un importante ingrediente social, como quiera que se realiza la b\u00fasqueda de mercados, elementos de aseo o enseres que requiera alg\u00fan oyente.<\/p>\n<p>En este espacio, tambi\u00e9n los comerciantes y emprendedores de la Localidad, dan a conocer sus productos, muchas veces caseros y que a trav\u00e9s de este programa radial se les facilita la compra y venta de los mismos.<\/p>\n<p>Para finalizar, cada noche llega a tocar en vivo el Dj invitado, que hasta la fecha ha contado con varios de los mejores que saben y conocen el movimiento de la rumba sana en Bogot\u00e1, tales cono Daniel Varjas, DJ Nas, Andrew Molina, H\u00e9ctor Mac\u00edas, Jhonson Jim\u00e9nez, Santiago D\u00edaz, Heily Dj, Jhonny Mix, entre otros.<\/p>\n<p>&nbsp;<\/p>\n","protected":false},"excerpt":{"rendered":"<p>&nbsp; &nbsp; Sigue fortaleci\u00e9ndose la radio virtual comunitaria en la Localidad de Fontib\u00f3n. Y esta vez a trav\u00e9s de RADIO FONTIBON FM, la primera emisora de la Ciudad. Noche a noche, llega Jimmy Rojas el &#8220;Mani&#8221;, cargado de su sabor caribe\u00f1o, acompa\u00f1ado de uno de los mejores dj de Bogot\u00e1, Daniel Vargas a divertir durante [&hellip;]<\/p>\n","protected":false},"author":1,"featured_media":1400,"comment_status":"closed","ping_status":"closed","sticky":false,"template":"","format":"standard","meta":{"footnotes":""},"categories":[5],"tags":[40,100,150,34],"class_list":["post-1395","post","type-post","status-publish","format-standard","has-post-thumbnail","hentry","category-localidad","tag-bogota","tag-cuarentena","tag-familia","tag-fontibon"],"_links":{"self":[{"href":"https:\/\/nuevofontibon.com\/index.php?rest_route=\/wp\/v2\/posts\/1395","targetHints":{"allow":["GET"]}}],"collection":[{"href":"https:\/\/nuevofontibon.com\/index.php?rest_route=\/wp\/v2\/posts"}],"about":[{"href":"https:\/\/nuevofontibon.com\/index.php?rest_route=\/wp\/v2\/types\/post"}],"author":[{"embeddable":true,"href":"https:\/\/nuevofontibon.com\/index.php?rest_route=\/wp\/v2\/users\/1"}],"replies":[{"embeddable":true,"href":"https:\/\/nuevofontibon.com\/index.php?rest_route=%2Fwp%2Fv2%2Fcomments&post=1395"}],"version-history":[{"count":0,"href":"https:\/\/nuevofontibon.com\/index.php?rest_route=\/wp\/v2\/posts\/1395\/revisions"}],"wp:featuredmedia":[{"embeddable":true,"href":"https:\/\/nuevofontibon.com\/index.php?rest_route=\/wp\/v2\/media\/1400"}],"wp:attachment":[{"href":"https:\/\/nuevofontibon.com\/index.php?rest_route=%2Fwp%2Fv2%2Fmedia&parent=1395"}],"wp:term":[{"taxonomy":"category","embeddable":true,"href":"https:\/\/nuevofontibon.com\/index.php?rest_route=%2Fwp%2Fv2%2Fcategories&post=1395"},{"taxonomy":"post_tag","embeddable":true,"href":"https:\/\/nuevofontibon.com\/index.php?rest_route=%2Fwp%2Fv2%2Ftags&post=1395"}],"curies":[{"name":"wp","href":"https:\/\/api.w.org\/{rel}","templated":true}]}}