{"id":1390,"date":"2020-05-12T13:37:27","date_gmt":"2020-05-12T18:37:27","guid":{"rendered":"http:\/\/nuevofontibon.com\/?p=1390"},"modified":"2020-05-12T13:37:27","modified_gmt":"2020-05-12T18:37:27","slug":"desmienten-el-fallecimiento-de-comerciante-por-covid-19-en-plaza-de-mercado-de-fontibon","status":"publish","type":"post","link":"https:\/\/nuevofontibon.com\/?p=1390","title":{"rendered":"Desmienten el fallecimiento de comerciante por covid 19 en Plaza de Mercado de Fontib\u00f3n"},"content":{"rendered":"<p>&nbsp;<\/p>\n<p>Un texto que circul\u00f3 en redes sociales y como cadena de whatsaap, que con el pasar de las horas fue tomando fuerza, en el cual se informaba del supuesto fallecimiento de un comerciante de la Plaza de Mercado de Fontib\u00f3n, fue desmentido hoy por el alcalde Local Carlos Lozada Carvalho.<\/p>\n<figure id=\"attachment_1391\" aria-describedby=\"caption-attachment-1391\" style=\"width: 550px\" class=\"wp-caption aligncenter\"><img loading=\"lazy\" decoding=\"async\" class=\"wp-image-1391 size-full\" src=\"http:\/\/nuevofontibon.com\/wp-content\/uploads\/2020\/05\/Plaza-de-Mercado_1.jpg\" alt=\"\" width=\"550\" height=\"358\" \/><figcaption id=\"caption-attachment-1391\" class=\"wp-caption-text\">La Plaza de Mercado de Fontib\u00f3n, goza de buena salud, seg\u00fan el alcalde Local, Carlos Lozada Carvalho<\/figcaption><\/figure>\n<p>El documento publicado y del cual se le desconocen el origen y las verdaderas intenciones publicado era este:<\/p>\n<p><em>Para conocimiento de la comunidad de la\u00a0 Localidad\u00a0 Fontib\u00f3n, en la plaza de mercado de Fontib\u00f3n, ya se detectaron casos de coronavirus-Covid 19, esto en los vendedores ambulantes que venden alimentos en la calle,\u00a0 hoy muri\u00f3 una persona y se espera que la Secretaria de Salud\u00a0 tome la medidas pertinentes y hagan las pruebas correspondientes para detectar quienes tiene la enfermedad para que los env\u00eden a cuarentena, ojo tengan mucho cuidado al transitar por est\u00e1s calles y al realizar compras por este lugar.<\/em><\/p>\n<figure id=\"attachment_1392\" aria-describedby=\"caption-attachment-1392\" style=\"width: 540px\" class=\"wp-caption alignright\"><img loading=\"lazy\" decoding=\"async\" class=\"size-full wp-image-1392\" src=\"http:\/\/nuevofontibon.com\/wp-content\/uploads\/2020\/05\/facisimil-redes1.jpg\" alt=\"\" width=\"540\" height=\"1110\" \/><figcaption id=\"caption-attachment-1392\" class=\"wp-caption-text\">Facsimil de la publicaci\u00f3n, hecha en redes sociales<\/figcaption><\/figure>\n<p>Ante la situaci\u00f3n de alarma generada y ante el constante reenvi\u00f3 desde diferentes grupos de redes sociales de la Localidad; este portal se comunic\u00f3 con el alcalde local, Carlos Lozada Carvalho, quien v\u00eda whatsaap contesto:<\/p>\n<p><em>Se est\u00e1 confirmando con Secretar\u00eda de Salud, lo que s\u00ed se sabe es que esa persona un mes antes de <strong>morir no fue a la plaza<\/strong>, ya que al parecer era propietaria. Nos hemos enfocado en jornadas de desinfecci\u00f3n en la plaza de mercado&#8230;<\/em><\/p>\n<p>De acuerdo a las informaciones, por un lado y seg\u00fan la cadena\u00a0 publicada, el caso era con vendedores informales de la calle y no en la Plaza de Mercado de Fontib\u00f3n y por otro, de acuerdo al alcalde, la persona fallecida, no estuvo en el centro de acopio, por lo menos un mes antes de su fallecimiento, lo que desvirt\u00faa de tajo, que el virus se haya propagado a comerciantes y compradores.<\/p>\n<p>A\u00f1ade la informaci\u00f3n del alcalde, que desde la administraci\u00f3n local, se realiz\u00f3 una gran jornada de desinfecci\u00f3n para tranquilidad de los usuarios.<\/p>\n<figure id=\"attachment_1393\" aria-describedby=\"caption-attachment-1393\" style=\"width: 720px\" class=\"wp-caption alignnone\"><img loading=\"lazy\" decoding=\"async\" class=\"size-full wp-image-1393\" src=\"http:\/\/nuevofontibon.com\/wp-content\/uploads\/2020\/05\/alredor-plaza-de-mercado.jpg\" alt=\"\" width=\"720\" height=\"960\" \/><figcaption id=\"caption-attachment-1393\" class=\"wp-caption-text\">El comercio informal en la parte exterior de la Plaza de Mercado, al parecer s\u00ed se sali\u00f3 de control desde hace d\u00edas.<\/figcaption><\/figure>\n<p>Con esto se concluye, que no se conocen casos confirmados de covid 19 entre usuarios y comerciantes de la plaza de mercado de Fontib\u00f3n y que la Administraci\u00f3n Local est\u00e1n al tanto, junto con las entidades como la Secretar\u00eda de Salud de Bogot\u00e1.<\/p>\n<p><strong>Escr\u00edbanos a:<\/strong> radiofontibonfm@gmail.com<\/p>\n<p>Escuche <strong>LA CUARENTENA<\/strong>, de lunes a viernes 7 a 9 pm en www.nuevofontibon.com<\/p>\n<p><strong>Ma\u00f1ana:<\/strong> Veedur\u00eda de Distrital con la lupa puesta sobre contrato de #Zona F<\/p>\n<p>&nbsp;<\/p>\n<p>&nbsp;<\/p>\n<p>&nbsp;<\/p>\n","protected":false},"excerpt":{"rendered":"<p>&nbsp; Un texto que circul\u00f3 en redes sociales y como cadena de whatsaap, que con el pasar de las horas fue tomando fuerza, en el cual se informaba del supuesto fallecimiento de un comerciante de la Plaza de Mercado de Fontib\u00f3n, fue desmentido hoy por el alcalde Local Carlos Lozada Carvalho. El documento publicado y [&hellip;]<\/p>\n","protected":false},"author":1,"featured_media":1391,"comment_status":"closed","ping_status":"closed","sticky":false,"template":"","format":"standard","meta":{"footnotes":""},"categories":[5],"tags":[34,97,149,125],"class_list":["post-1390","post","type-post","status-publish","format-standard","has-post-thumbnail","hentry","category-localidad","tag-fontibon","tag-pandemia","tag-plazademercado-salud","tag-covid19"],"_links":{"self":[{"href":"https:\/\/nuevofontibon.com\/index.php?rest_route=\/wp\/v2\/posts\/1390","targetHints":{"allow":["GET"]}}],"collection":[{"href":"https:\/\/nuevofontibon.com\/index.php?rest_route=\/wp\/v2\/posts"}],"about":[{"href":"https:\/\/nuevofontibon.com\/index.php?rest_route=\/wp\/v2\/types\/post"}],"author":[{"embeddable":true,"href":"https:\/\/nuevofontibon.com\/index.php?rest_route=\/wp\/v2\/users\/1"}],"replies":[{"embeddable":true,"href":"https:\/\/nuevofontibon.com\/index.php?rest_route=%2Fwp%2Fv2%2Fcomments&post=1390"}],"version-history":[{"count":0,"href":"https:\/\/nuevofontibon.com\/index.php?rest_route=\/wp\/v2\/posts\/1390\/revisions"}],"wp:featuredmedia":[{"embeddable":true,"href":"https:\/\/nuevofontibon.com\/index.php?rest_route=\/wp\/v2\/media\/1391"}],"wp:attachment":[{"href":"https:\/\/nuevofontibon.com\/index.php?rest_route=%2Fwp%2Fv2%2Fmedia&parent=1390"}],"wp:term":[{"taxonomy":"category","embeddable":true,"href":"https:\/\/nuevofontibon.com\/index.php?rest_route=%2Fwp%2Fv2%2Fcategories&post=1390"},{"taxonomy":"post_tag","embeddable":true,"href":"https:\/\/nuevofontibon.com\/index.php?rest_route=%2Fwp%2Fv2%2Ftags&post=1390"}],"curies":[{"name":"wp","href":"https:\/\/api.w.org\/{rel}","templated":true}]}}