{"id":1334,"date":"2020-04-11T17:57:25","date_gmt":"2020-04-11T22:57:25","guid":{"rendered":"http:\/\/nuevofontibon.com\/?p=1334"},"modified":"2020-04-11T17:57:25","modified_gmt":"2020-04-11T22:57:25","slug":"villa-andrea-primer-barrio-de-fontibon-que-pide-ayuda-con-trapos-rojos-en-sus-ventanas","status":"publish","type":"post","link":"https:\/\/nuevofontibon.com\/?p=1334","title":{"rendered":"Villa Andrea, primer barrio de Fontib\u00f3n que pide ayuda con trapos rojos en sus ventanas"},"content":{"rendered":"<p>&nbsp;<\/p>\n<p><img loading=\"lazy\" decoding=\"async\" class=\"wp-image-1218 aligncenter\" src=\"http:\/\/nuevofontibon.com\/wp-content\/uploads\/2020\/03\/BANNER-FONTIBON-SE-INFORMA-EN-CUARENTENA-1.jpg\" alt=\"\" width=\"221\" height=\"173\" \/><\/p>\n<p>_____________________________________________________________________<\/p>\n<p><strong>DIA 23 | CUARENTENA<\/strong><\/p>\n<p>_____________________________________________________________________<\/p>\n<p>Como un s\u00edmbolo universal de colocar el trapo rojo en la ventana en se\u00f1al de auxilio, por la presente emergencia que se vive por covid 19.<\/p>\n<p>_____________________________________________________________________<\/p>\n<p>Desesperados y con hambre se encuentran los habitantes del barrio Villa Andrea, al occidente de Fontib\u00f3n.<\/p>\n<figure id=\"attachment_1335\" aria-describedby=\"caption-attachment-1335\" style=\"width: 1152px\" class=\"wp-caption alignnone\"><img loading=\"lazy\" decoding=\"async\" class=\"size-full wp-image-1335\" src=\"http:\/\/nuevofontibon.com\/wp-content\/uploads\/2020\/04\/1-1.jpeg\" alt=\"\" width=\"1152\" height=\"864\" srcset=\"https:\/\/nuevofontibon.com\/wp-content\/uploads\/2020\/04\/1-1.jpeg 1152w, https:\/\/nuevofontibon.com\/wp-content\/uploads\/2020\/04\/1-1-1024x768.jpeg 1024w\" sizes=\"auto, (max-width: 1152px) 100vw, 1152px\" \/><figcaption id=\"caption-attachment-1335\" class=\"wp-caption-text\">La Comunidad del barrio Villa Andrea, no aguant\u00f3 m\u00e1s y decidi\u00f3 colocar trapos rojos esperando ayudas<\/figcaption><\/figure>\n<p>En las \u00faltimas horas, los vecinos de este deprimido sector de la Localidad, instalaron trapos y bayetillas rojas en sus ventanas para llamar la atenci\u00f3n de la precaria situaci\u00f3n que est\u00e1n viviendo.<\/p>\n<p>La Junta de Acci\u00f3n Comunal, dio a conocer un video, donde desde el frente de las casas, la gente ped\u00eda ayuda al gobierno distrital y nacional.<\/p>\n<p>De acuerdo Magnolia Cely, presidente de la Junta de Acci\u00f3n Comunal, hasta la fecha, no ha llegado ning\u00fan tipo de ayuda y la gente ya no tiene nada que comer.<\/p>\n<figure id=\"attachment_1336\" aria-describedby=\"caption-attachment-1336\" style=\"width: 488px\" class=\"wp-caption aligncenter\"><img loading=\"lazy\" decoding=\"async\" class=\"size-full wp-image-1336\" src=\"http:\/\/nuevofontibon.com\/wp-content\/uploads\/2020\/04\/Sin-t\u00edtulo-1A.jpg\" alt=\"\" width=\"488\" height=\"465\" \/><figcaption id=\"caption-attachment-1336\" class=\"wp-caption-text\">Cada vez son m\u00e1s los trapos rojos en el barrio<\/figcaption><\/figure>\n<p>La l\u00edder comunitaria, inform\u00f3 que es muy preocupante la situaci\u00f3n, toda vez que en la mayor\u00eda de las residencias, viven adultos mayores, ni\u00f1os y personas en condici\u00f3n de discapacidad, sumado al alto grado de vulnerabilidad en el que siempre han estado.<\/p>\n<div class=\"wp-playlist wp-video-playlist wp-playlist-light\">\n\t\t<video controls=\"controls\" preload=\"none\" width=\"674\"\n\t\t height=\"371\"\t><\/video>\n\t<div class=\"wp-playlist-next\"><\/div>\n\t<div class=\"wp-playlist-prev\"><\/div>\n\t<noscript>\n\t<ol>\n\t\t<li><a href='https:\/\/nuevofontibon.com\/wp-content\/uploads\/2020\/04\/video-villa-andrea.mp4'>La gente sali\u00f3 con trapos rojos a pedir ayuda en Villa Andrea<\/a><\/li>\t<\/ol>\n\t<\/noscript>\n\t<script type=\"application\/json\" class=\"wp-playlist-script\">{\"type\":\"video\",\"tracklist\":true,\"tracknumbers\":true,\"images\":true,\"artists\":true,\"tracks\":[{\"src\":\"https:\/\/nuevofontibon.com\/wp-content\/uploads\/2020\/04\/video-villa-andrea.mp4\",\"type\":\"video\/mp4\",\"title\":\"La gente sali\\u00f3 con trapos rojos a pedir ayuda en Villa Andrea\",\"caption\":\"\",\"description\":\"\",\"meta\":{\"length_formatted\":\"0:27\"},\"dimensions\":{\"original\":{\"width\":640,\"height\":352},\"resized\":{\"width\":674,\"height\":371}},\"image\":{\"src\":\"https:\/\/nuevofontibon.com\/wp-includes\/images\/media\/video.svg\",\"width\":48,\"height\":64},\"thumb\":{\"src\":\"https:\/\/nuevofontibon.com\/wp-includes\/images\/media\/video.svg\",\"width\":48,\"height\":64}}]}<\/script>\n<\/div>\n\t\n<p>A la gente le han dicho que \u201cya vienen las ayudas, que ma\u00f1ana o pasado ma\u00f1ana, pero al final no llega nadie con nada y claro ellos cada vez se desesperan m\u00e1s\u201d, a\u00f1adi\u00f3 la l\u00edder social.<\/p>\n<p>Seg\u00fan conoci\u00f3 este portal, donde est\u00e1 ubicado el barrio Villa Andrea y a sus alrededores, lo habitan personas que \u201cviven del d\u00eda a d\u00eda\u201d y\u00a0 los pocos que contaban con un trabajo al parecer ya lo perdieron, porque llevan bastantes d\u00edas sin poder ir.<\/p>\n<figure id=\"attachment_1337\" aria-describedby=\"caption-attachment-1337\" style=\"width: 1152px\" class=\"wp-caption alignnone\"><img loading=\"lazy\" decoding=\"async\" class=\"size-full wp-image-1337\" src=\"http:\/\/nuevofontibon.com\/wp-content\/uploads\/2020\/04\/2.jpg\" alt=\"\" width=\"1152\" height=\"864\" srcset=\"https:\/\/nuevofontibon.com\/wp-content\/uploads\/2020\/04\/2.jpg 1152w, https:\/\/nuevofontibon.com\/wp-content\/uploads\/2020\/04\/2-80x60.jpg 80w\" sizes=\"auto, (max-width: 1152px) 100vw, 1152px\" \/><figcaption id=\"caption-attachment-1337\" class=\"wp-caption-text\">El barrio Villa Andrea y sus alrededores, tienen graves problemas de vulnerabilidad.<\/figcaption><\/figure>\n<p>La gente en su desespero, sale por ah\u00ed en busca de algo para comer, con el temor de ser multados por no cumplir con el confinamiento, pero la verdad la situaci\u00f3n es muy dura, seg\u00fan un mensaje enviado a este medio por uno de los residentes.<\/p>\n<p>Las pocas tiendas o venta de \u201clichigo\u201d que hay en el barrio, tambi\u00e9n se han visto gravemente afectadas a tal punto, que en d\u00edas pasados uno de los propietarios, tom\u00f3 una decisi\u00f3n fatal.<\/p>\n<p>La Junta de Acci\u00f3n Comunal, hace un llamado urgente para que se resuelva la situaci\u00f3n que est\u00e1n padeciendo por causa del confinamiento en el barrio Villa Andrea.<\/p>\n<p>Escr\u00edbanos a: radiofontibonfm@gmail.com<\/p>\n<p>&nbsp;<\/p>\n","protected":false},"excerpt":{"rendered":"<p>&nbsp; _____________________________________________________________________ DIA 23 | CUARENTENA _____________________________________________________________________ Como un s\u00edmbolo universal de colocar el trapo rojo en la ventana en se\u00f1al de auxilio, por la presente emergencia que se vive por covid 19. _____________________________________________________________________ Desesperados y con hambre se encuentran los habitantes del barrio Villa Andrea, al occidente de Fontib\u00f3n. En las \u00faltimas horas, los [&hellip;]<\/p>\n","protected":false},"author":1,"featured_media":1335,"comment_status":"closed","ping_status":"closed","sticky":false,"template":"","format":"standard","meta":{"footnotes":""},"categories":[101],"tags":[133,40,62,34,132,125],"class_list":["post-1334","post","type-post","status-publish","format-standard","has-post-thumbnail","hentry","category-especial-cuarentena","tag-ayuda","tag-bogota","tag-claudialopez","tag-fontibon","tag-traposrojos","tag-covid19"],"_links":{"self":[{"href":"https:\/\/nuevofontibon.com\/index.php?rest_route=\/wp\/v2\/posts\/1334","targetHints":{"allow":["GET"]}}],"collection":[{"href":"https:\/\/nuevofontibon.com\/index.php?rest_route=\/wp\/v2\/posts"}],"about":[{"href":"https:\/\/nuevofontibon.com\/index.php?rest_route=\/wp\/v2\/types\/post"}],"author":[{"embeddable":true,"href":"https:\/\/nuevofontibon.com\/index.php?rest_route=\/wp\/v2\/users\/1"}],"replies":[{"embeddable":true,"href":"https:\/\/nuevofontibon.com\/index.php?rest_route=%2Fwp%2Fv2%2Fcomments&post=1334"}],"version-history":[{"count":0,"href":"https:\/\/nuevofontibon.com\/index.php?rest_route=\/wp\/v2\/posts\/1334\/revisions"}],"wp:featuredmedia":[{"embeddable":true,"href":"https:\/\/nuevofontibon.com\/index.php?rest_route=\/wp\/v2\/media\/1335"}],"wp:attachment":[{"href":"https:\/\/nuevofontibon.com\/index.php?rest_route=%2Fwp%2Fv2%2Fmedia&parent=1334"}],"wp:term":[{"taxonomy":"category","embeddable":true,"href":"https:\/\/nuevofontibon.com\/index.php?rest_route=%2Fwp%2Fv2%2Fcategories&post=1334"},{"taxonomy":"post_tag","embeddable":true,"href":"https:\/\/nuevofontibon.com\/index.php?rest_route=%2Fwp%2Fv2%2Ftags&post=1334"}],"curies":[{"name":"wp","href":"https:\/\/api.w.org\/{rel}","templated":true}]}}