{"id":1306,"date":"2020-04-02T11:17:29","date_gmt":"2020-04-02T16:17:29","guid":{"rendered":"http:\/\/nuevofontibon.com\/?p=1306"},"modified":"2020-04-02T11:17:29","modified_gmt":"2020-04-02T16:17:29","slug":"en-san-pedro-de-los-robles-somos-una-comunidad-unida-pese-a-las-dificultades-sarita-villada","status":"publish","type":"post","link":"https:\/\/nuevofontibon.com\/?p=1306","title":{"rendered":"En San Pedro de Los Robles, somos una comunidad unida pese a las dificultades: Sarita Villada"},"content":{"rendered":"<p><img loading=\"lazy\" decoding=\"async\" class=\"wp-image-1218 aligncenter\" src=\"http:\/\/nuevofontibon.com\/wp-content\/uploads\/2020\/03\/BANNER-FONTIBON-SE-INFORMA-EN-CUARENTENA-1.jpg\" alt=\"\" width=\"194\" height=\"151\" \/><\/p>\n<p>_____________________________________________________________________<\/p>\n<p>Seguimos con este INFORME ESPECIAL DE CUARENTENA donde queremos sacar a nuestros lectores del famoso covid 19 y mejor porque no, que conozcan m\u00e1s de los l\u00edderes, organizaciones y actividades de nuestra Localidad de Fontib\u00f3n.<\/p>\n<p>____________________________________________________________________<\/p>\n<p><strong>DIA 9 | CUARENTENA<\/strong><\/p>\n<p>____________________________________________________________________<\/p>\n<figure id=\"attachment_1308\" aria-describedby=\"caption-attachment-1308\" style=\"width: 844px\" class=\"wp-caption alignright\"><img loading=\"lazy\" decoding=\"async\" class=\"size-full wp-image-1308\" src=\"http:\/\/nuevofontibon.com\/wp-content\/uploads\/2020\/04\/5.jpeg\" alt=\"\" width=\"844\" height=\"1280\" \/><figcaption id=\"caption-attachment-1308\" class=\"wp-caption-text\">Sarita Villada, trabajando con mucho compromiso por su barrio.<\/figcaption><\/figure>\n<p>Hoy les presentamos a <strong>Sarita Villada<\/strong>, una mujer l\u00edder, empoderada y comprometida en trabajar por el barrio San pedro de Los Robles, ubicado cerca la estaci\u00f3n de Polic\u00eda. Nacida en San Roque Antioquia, tierra <strong>paisa<\/strong>, de donde hered\u00f3 su empuje y emprendimiento de quienes son oriundos de esa zona del pa\u00eds.<\/p>\n<p><strong>Contadora p\u00fablica<\/strong> de profesi\u00f3n, especializada en finanzas, revisor\u00eda fiscal y auditor\u00eda forense. Madre de dos ni\u00f1os, y quien pese a sus actividades, le saca tiempo a sus compromisos laborales y familiares, para ofrecerlo a la comunidad de su barrio<\/p>\n<p>Lleg\u00f3 al barrio <strong>San Pedro de Los Robles<\/strong>, hace aproximadamente 10 a\u00f1os, donde encontr\u00f3 varias falencias, especialmente en atenci\u00f3n y cuidado de ni\u00f1os y adultos mayores. Seg\u00fan ella, este barrio lleva 25 \u00a0a\u00f1os de \u00a0fundado.<\/p>\n<p><strong>ACTIVIDAD COMUNAL<\/strong><\/p>\n<p>Cuenta Sarita, que lleva cerca de 9 a\u00f1os como l\u00edder. Comenz\u00f3 como conciliadora de la Junta de Acci\u00f3n Comunal, luego de algunos problemas que se presentaron, le dijeron que renunciara a ese cargo y fue escogida por la comunidad como Tesorera.<\/p>\n<figure id=\"attachment_1309\" aria-describedby=\"caption-attachment-1309\" style=\"width: 1280px\" class=\"wp-caption alignnone\"><img loading=\"lazy\" decoding=\"async\" class=\"wp-image-1309 size-full\" src=\"http:\/\/nuevofontibon.com\/wp-content\/uploads\/2020\/04\/3.jpeg\" alt=\"\" width=\"1280\" height=\"960\" srcset=\"https:\/\/nuevofontibon.com\/wp-content\/uploads\/2020\/04\/3.jpeg 1280w, https:\/\/nuevofontibon.com\/wp-content\/uploads\/2020\/04\/3-80x60.jpeg 80w\" sizes=\"auto, (max-width: 1280px) 100vw, 1280px\" \/><figcaption id=\"caption-attachment-1309\" class=\"wp-caption-text\">Programa de apoyo para los adultos mayores del barrio San Pedro de Los Robles.<\/figcaption><\/figure>\n<p>En ese cargo dej\u00f3 muy clara su huella. Los buenos resultados financieros,, la pertinencia y satisfacci\u00f3n de la comunidad, la oportuna entrega de informes la perfilaron como una dignataria honesta y responsable.<\/p>\n<p>Al periodo siguiente de elecciones, y por consenso de la comunidad, le pidieron que postulares su nombre a la presidencia y ella acept\u00f3 gustosamente por el amor que siente por su comunidad.<\/p>\n<p>Conform\u00f3 un equipo de trabajo muy consolidado que ha sido su soporte y apoyo durante este tiempo.<\/p>\n<figure id=\"attachment_1310\" aria-describedby=\"caption-attachment-1310\" style=\"width: 1280px\" class=\"wp-caption alignnone\"><img loading=\"lazy\" decoding=\"async\" class=\"wp-image-1310 size-full\" src=\"http:\/\/nuevofontibon.com\/wp-content\/uploads\/2020\/04\/1.jpeg\" alt=\"\" width=\"1280\" height=\"960\" \/><figcaption id=\"caption-attachment-1310\" class=\"wp-caption-text\">Jornadas de integraci\u00f3n con la buena carranga, permiten la integraci\u00f3n entre vecinos.<\/figcaption><\/figure>\n<p>Se trazaron varias l\u00edneas de acci\u00f3n, donde lo primero que debieron hacer era buscar una estrategia para que la gente volviera a creer en la organizaci\u00f3n comunal, ya que seg\u00fan ella \u201cestaban bastante ap\u00e1ticos y hab\u00eda que cambiarles el chip\u201d.<\/p>\n<p>Buscaron la forma de dar a conocer que las organizaciones sociales necesitan renovarse y cambiar, que llegaran nuevas generaciones con otras voces y que con ese \u00edmpetu juvenil le transfirieran\u00a0 fuerza a las organizaciones comunales, muchas veces aletargadas y destinadas al ostracismo.<\/p>\n<figure id=\"attachment_1311\" aria-describedby=\"caption-attachment-1311\" style=\"width: 1280px\" class=\"wp-caption alignnone\"><img loading=\"lazy\" decoding=\"async\" class=\"wp-image-1311 size-full\" src=\"http:\/\/nuevofontibon.com\/wp-content\/uploads\/2020\/04\/4.jpeg\" alt=\"\" width=\"1280\" height=\"960\" \/><figcaption id=\"caption-attachment-1311\" class=\"wp-caption-text\">Entrega de regalos en \u00e9poca navide\u00f1a por parte de la Junta de Acci\u00f3n Comunal.<\/figcaption><\/figure>\n<p>Con la implementaci\u00f3n de estos cambios, empezaron a sanear muchas cosas que no se ven\u00edan haciendo adecuadamente, de pronto por el desconocimiento.<\/p>\n<p>Enfocaron sus esfuerzos en el bienestar de la comunidad, especialmente en la atenci\u00f3n de los adultos mayores, poblaci\u00f3n vulnerable que muchas veces no recibe los cuidados necesarios ni siquiera de la familia.<\/p>\n<p>\u201cHemos impulsado mucho al grupo de adulto mayor, haci\u00e9ndoles actividades. Con recursos propios de la Junta de Acci\u00f3n Comunal, procuramos darles algo de alimentaci\u00f3n, recreaci\u00f3n y llev\u00e1ndolos a pasear\u201d<\/p>\n<p>Se re\u00fanen dos d\u00edas a la semana para hacer las actividades y durante todo el a\u00f1o, procuran estar pendientes de ellos y cierran con un paseo de d\u00eda solar.<\/p>\n<p>Paralelamente, pusieron la mirada en otra poblaci\u00f3n tambi\u00e9n descuidada como son los ni\u00f1os y ni\u00f1as que por situaciones familiares no pod\u00edan recibir bienestar y creaci\u00f3n\u00a0 y en algunos casos podr\u00edan ser v\u00edctimas de conocer los peligros de la calle.<\/p>\n<p><strong>COMO ESTA LA SEGURIDAD EN EL BARRIO<\/strong><\/p>\n<p>Dice la presidenta de la Junta, que debido a un proyecto que se est\u00e1 desarrollando en el barrio por parte del IDU, que b\u00e1sicamente, implica la compra de algunos predios para ampliar la Avenida Centenario, ha desencadenado en graves problemas de inseguridad.<\/p>\n<p>Al respecto, cuenta que ya han adquirido muchos predios, ya los han demolido completamente y esto ha generado mucha inseguridad en el barrio y ni la entidad, este caso el IDU ni la Alcald\u00eda Local, les han garantizado el apoyo que requieren.<\/p>\n<p><strong>AMPLIACION DE LA AVENIDA CENTENARIO<\/strong><\/p>\n<p>Es una obra que est\u00e1 contemplada desde la carrera 50 hasta el R\u00edo Bogot\u00e1, inicialmente, estaba prevista que iba a ser para implementar el Transmilenio, pero con el cambio de alcalde mayor, les dijeron que el Sistema no va a pasar por all\u00ed, pero que la ampliaci\u00f3n de la v\u00eda s\u00ed sigue en pie.<\/p>\n<figure id=\"attachment_1312\" aria-describedby=\"caption-attachment-1312\" style=\"width: 1280px\" class=\"wp-caption alignnone\"><img loading=\"lazy\" decoding=\"async\" class=\"wp-image-1312 size-full\" src=\"http:\/\/nuevofontibon.com\/wp-content\/uploads\/2020\/04\/2.jpeg\" alt=\"\" width=\"1280\" height=\"960\" \/><figcaption id=\"caption-attachment-1312\" class=\"wp-caption-text\">Y estas son las obras que adelanta el IDU y que de alguna manera, vienen causando problemas de inseguridad a los vecinos.<\/figcaption><\/figure>\n<p>Esta situaci\u00f3n, tiene a varios propietarios en eses barrio, con la incertidumbre de que va a pasar finalmente con ese proyecto, sumado que esto ha causado problemas como la llegada de personas que causan sensaci\u00f3n de inseguridad a la comunidad.<\/p>\n<p><strong>SITUACION SOCIAL DEL BARRIO<\/strong><\/p>\n<p>El barrio tuvo aproximadamente 530 predios, y \u00a0una poblaci\u00f3n de casi 4.000 personas. Con la compra de predios, se han reducido ostensiblemente. Dice la presidente, que la mayor\u00eda de pobladores, son adultos mayores que viven principalmente del arriendo de sus casas o apartamentos acondicionados dentro de ellas.<\/p>\n<p>El resto de la comunidad, es poblaci\u00f3n flotante o arrendatarios, que salen d\u00eda a d\u00eda a buscar el sustento de sus familias.<\/p>\n<p><strong>EDUCACION<\/strong><\/p>\n<p>La presidenta, nos cuenta que los ni\u00f1os del barrio, debe trasladarse a los colegios m\u00e1s cercanos que est\u00e1n ubicados en los barrios como La Laguna, El Cuco y Centro A, ya que no cuentan con establecimientos educativos.<\/p>\n<p><strong>PESE A TODO\u2026<\/strong><\/p>\n<p>Nos cuenta Sarita que pese a las dificultades ellos no se dejan derrumbar y que buscan llegar a las autoridades competentes como la, Personer\u00eda, Alcald\u00eda Local y la Polic\u00eda, para que les ayuden a resolver las problem\u00e1ticas que est\u00e1n viviendo, pese a que muchas veces no reciben respuesta oportuna o no le dan tr\u00e1mite a los requerimientos.<\/p>\n<p>Sarita Villada, finalmente hace un llamado para que ese \u00edmpetu comunal no se pierda y que se sigan haciendo actividades y procesos que beneficien a las comunidades de Fontib\u00f3n.<\/p>\n<p>_____________________________________________________________________<\/p>\n<p>Escr\u00edbanos a: radiofontibonfm@gmail.com<\/p>\n<p>_____________________________________________________________________<\/p>\n<p>&nbsp;<\/p>\n","protected":false},"excerpt":{"rendered":"<p>_____________________________________________________________________ Seguimos con este INFORME ESPECIAL DE CUARENTENA donde queremos sacar a nuestros lectores del famoso covid 19 y mejor porque no, que conozcan m\u00e1s de los l\u00edderes, organizaciones y actividades de nuestra Localidad de Fontib\u00f3n. ____________________________________________________________________ DIA 9 | CUARENTENA ____________________________________________________________________ Hoy les presentamos a Sarita Villada, una mujer l\u00edder, empoderada y comprometida en [&hellip;]<\/p>\n","protected":false},"author":1,"featured_media":1307,"comment_status":"closed","ping_status":"closed","sticky":false,"template":"","format":"standard","meta":{"footnotes":""},"categories":[101],"tags":[127,40,34,95,94],"class_list":["post-1306","post","type-post","status-publish","format-standard","has-post-thumbnail","hentry","category-especial-cuarentena","tag-accioncomunal","tag-bogota","tag-fontibon","tag-idpac","tag-participacionbogota"],"_links":{"self":[{"href":"https:\/\/nuevofontibon.com\/index.php?rest_route=\/wp\/v2\/posts\/1306","targetHints":{"allow":["GET"]}}],"collection":[{"href":"https:\/\/nuevofontibon.com\/index.php?rest_route=\/wp\/v2\/posts"}],"about":[{"href":"https:\/\/nuevofontibon.com\/index.php?rest_route=\/wp\/v2\/types\/post"}],"author":[{"embeddable":true,"href":"https:\/\/nuevofontibon.com\/index.php?rest_route=\/wp\/v2\/users\/1"}],"replies":[{"embeddable":true,"href":"https:\/\/nuevofontibon.com\/index.php?rest_route=%2Fwp%2Fv2%2Fcomments&post=1306"}],"version-history":[{"count":0,"href":"https:\/\/nuevofontibon.com\/index.php?rest_route=\/wp\/v2\/posts\/1306\/revisions"}],"wp:featuredmedia":[{"embeddable":true,"href":"https:\/\/nuevofontibon.com\/index.php?rest_route=\/wp\/v2\/media\/1307"}],"wp:attachment":[{"href":"https:\/\/nuevofontibon.com\/index.php?rest_route=%2Fwp%2Fv2%2Fmedia&parent=1306"}],"wp:term":[{"taxonomy":"category","embeddable":true,"href":"https:\/\/nuevofontibon.com\/index.php?rest_route=%2Fwp%2Fv2%2Fcategories&post=1306"},{"taxonomy":"post_tag","embeddable":true,"href":"https:\/\/nuevofontibon.com\/index.php?rest_route=%2Fwp%2Fv2%2Ftags&post=1306"}],"curies":[{"name":"wp","href":"https:\/\/api.w.org\/{rel}","templated":true}]}}