{"id":1301,"date":"2020-04-01T13:21:59","date_gmt":"2020-04-01T18:21:59","guid":{"rendered":"http:\/\/nuevofontibon.com\/?p=1301"},"modified":"2020-04-01T13:46:33","modified_gmt":"2020-04-01T18:46:33","slug":"ya-son-30-personas-contagidas-por-covid-19-en-fontibon-secretaria-de-salud","status":"publish","type":"post","link":"https:\/\/nuevofontibon.com\/?p=1301","title":{"rendered":"Ya son 30 personas contagidas por c\u00f3vid 19 en F\u00f3ntib\u00f3n: Secretar\u00eda de Salud"},"content":{"rendered":"<p>Hoy se conoci\u00f3 un informe actualizado de la Secretar\u00eda de Salud de Bogot\u00e1, durante el Foro de Coronavirus que se adelant\u00f3 en el Concejo de Bogot\u00e1.<\/p>\n<figure id=\"attachment_1302\" aria-describedby=\"caption-attachment-1302\" style=\"width: 574px\" class=\"wp-caption alignnone\"><img loading=\"lazy\" decoding=\"async\" class=\"wp-image-1302 size-full\" src=\"http:\/\/nuevofontibon.com\/wp-content\/uploads\/2020\/04\/CASOS-CORONAVIRUS.jpg\" alt=\"\" width=\"574\" height=\"396\" srcset=\"https:\/\/nuevofontibon.com\/wp-content\/uploads\/2020\/04\/CASOS-CORONAVIRUS.jpg 574w, https:\/\/nuevofontibon.com\/wp-content\/uploads\/2020\/04\/CASOS-CORONAVIRUS-100x70.jpg 100w\" sizes=\"auto, (max-width: 574px) 100vw, 574px\" \/><figcaption id=\"caption-attachment-1302\" class=\"wp-caption-text\">Este es el cuadro conocido hoy en el concejo de Bogot\u00e1, entregado por la Secretar\u00eda de Salud del Distrito.<\/figcaption><\/figure>\n<p>El virus ha venido creciendo desproporcionadamente en todo el pa\u00eds y en el caso de Bogot\u00e1, ya se tienen 472 personas infectadas.<\/p>\n<p>La Localidad de Usaqu\u00e9n lidera el n\u00famero de personas contagiadas con 70 personas, seguido por Suba con 68, Engativ\u00e1 con 53 y Chapinero con 47.<\/p>\n<p>Fontib\u00f3n sigue ocupando el sexto lugar en la ciudad con <strong>30 casos conocidos,<\/strong> el doble de lo que se inform\u00f3 inicialmente: <strong>15 hombres y 15 mujeres.<\/strong><\/p>\n<p>De acuerdo al informe presentado a los cabildantes por la Secretar\u00eda de Salud, de Bogot\u00e1, las localidades del centro, centro sur, sur oriente, y sur son en las que menos se conocen casos de personas afectadas por el virus.<\/p>\n<p><strong>DESDEN EN LAS AYUDAS ANUNCIADAS<\/strong><\/p>\n<p>Durante el Foro, los cabildantes cuestionaron la metodolog\u00eda implementada por parte de la Administraci\u00f3n Distrital para entregar las ayudas, as\u00ed como cuestionaron a la Secretar\u00eda de Seguridad, por la forma como viene manejando el tema, debido a la gran cantidad de personas que se siguen viendo en las calles.<\/p>\n<p>Algunos acad\u00e9micos invitados a la sesi\u00f3n virtual, recomendaron crear una central de medios que sirva como fuente \u00fanica de toda la informaci\u00f3n oficial de parte del Distrito, a fin de evitar que las cadenas de whatsaap o las redes sociales, lleven a la ciudadan\u00eda a creer que les van a dar ayudas.<\/p>\n<figure id=\"attachment_1303\" aria-describedby=\"caption-attachment-1303\" style=\"width: 348px\" class=\"wp-caption alignright\"><img loading=\"lazy\" decoding=\"async\" class=\"wp-image-1303 size-full\" src=\"http:\/\/nuevofontibon.com\/wp-content\/uploads\/2020\/04\/julian-lopez-sierra.jpeg\" alt=\"\" width=\"348\" height=\"198\" \/><figcaption id=\"caption-attachment-1303\" class=\"wp-caption-text\">El Concejal Juli\u00e1n L\u00f3pez Sierra, cuestion\u00f3 la forma como se viene manejando la crisis en Bogot\u00e1, especialmente en los temas de entrega de ayudas.<\/figcaption><\/figure>\n<p>El Concejal <strong>Pedro<\/strong> <strong>Julian L\u00f3pez Sierra<\/strong> de Cambio Radical, pregunt\u00f3, \u00bfD\u00f3nde est\u00e1n las acciones reales que se vienen haciendo desde el nivel central para poder atender la situaci\u00f3n compleja que se est\u00e1 viviendo en la ciudad?. Para el cabildante, s\u00f3lo se hacen anuncios y no se materializa nada.<\/p>\n<p>Los concejales, pidieron que se evitara todo tipo de aglomeraci\u00f3n y preguntaron se ha pensado en militarizar a la ciudad.<\/p>\n<p>_____________________________________________________________________<\/p>\n<p>Escr\u00edbanos a: www.nuevofontibon.com<\/p>\n<p>&nbsp;<\/p>\n<p>&nbsp;<\/p>\n<p>&nbsp;<\/p>\n<p>&nbsp;<\/p>\n<p>&nbsp;<\/p>\n<p>&nbsp;<\/p>\n","protected":false},"excerpt":{"rendered":"<p>Hoy se conoci\u00f3 un informe actualizado de la Secretar\u00eda de Salud de Bogot\u00e1, durante el Foro de Coronavirus que se adelant\u00f3 en el Concejo de Bogot\u00e1. El virus ha venido creciendo desproporcionadamente en todo el pa\u00eds y en el caso de Bogot\u00e1, ya se tienen 472 personas infectadas. La Localidad de Usaqu\u00e9n lidera el n\u00famero [&hellip;]<\/p>\n","protected":false},"author":1,"featured_media":1302,"comment_status":"closed","ping_status":"closed","sticky":false,"template":"","format":"standard","meta":{"footnotes":""},"categories":[5],"tags":[40,126,96,34,125],"class_list":["post-1301","post","type-post","status-publish","format-standard","has-post-thumbnail","hentry","category-localidad","tag-bogota","tag-concejodebogota","tag-coronavirus","tag-fontibon","tag-covid19"],"_links":{"self":[{"href":"https:\/\/nuevofontibon.com\/index.php?rest_route=\/wp\/v2\/posts\/1301","targetHints":{"allow":["GET"]}}],"collection":[{"href":"https:\/\/nuevofontibon.com\/index.php?rest_route=\/wp\/v2\/posts"}],"about":[{"href":"https:\/\/nuevofontibon.com\/index.php?rest_route=\/wp\/v2\/types\/post"}],"author":[{"embeddable":true,"href":"https:\/\/nuevofontibon.com\/index.php?rest_route=\/wp\/v2\/users\/1"}],"replies":[{"embeddable":true,"href":"https:\/\/nuevofontibon.com\/index.php?rest_route=%2Fwp%2Fv2%2Fcomments&post=1301"}],"version-history":[{"count":0,"href":"https:\/\/nuevofontibon.com\/index.php?rest_route=\/wp\/v2\/posts\/1301\/revisions"}],"wp:featuredmedia":[{"embeddable":true,"href":"https:\/\/nuevofontibon.com\/index.php?rest_route=\/wp\/v2\/media\/1302"}],"wp:attachment":[{"href":"https:\/\/nuevofontibon.com\/index.php?rest_route=%2Fwp%2Fv2%2Fmedia&parent=1301"}],"wp:term":[{"taxonomy":"category","embeddable":true,"href":"https:\/\/nuevofontibon.com\/index.php?rest_route=%2Fwp%2Fv2%2Fcategories&post=1301"},{"taxonomy":"post_tag","embeddable":true,"href":"https:\/\/nuevofontibon.com\/index.php?rest_route=%2Fwp%2Fv2%2Ftags&post=1301"}],"curies":[{"name":"wp","href":"https:\/\/api.w.org\/{rel}","templated":true}]}}